{"id":1192,"date":"2009-12-20T19:39:59","date_gmt":"2009-12-20T17:39:59","guid":{"rendered":"http:\/\/www.ayaktakimi.org\/v2\/?p=1192"},"modified":"2014-03-09T22:52:58","modified_gmt":"2014-03-09T20:52:58","slug":"karahavacilik","status":"publish","type":"post","link":"https:\/\/www.ayaktakimi.org\/v2\/karahavacilik\/","title":{"rendered":"Kara Havac\u0131l\u0131k Karting Maratonu (20 Aral\u0131k 2009)"},"content":{"rendered":"<p style=\"text-align: center;\"><a href=\"http:\/\/www.ayaktakimi.org\/v2\/wp-content\/uploads\/dsc_0099-1-800x600.jpg\"><img decoding=\"async\" loading=\"lazy\" class=\"size-full wp-image-1244  aligncenter\" title=\"Kara Havac\u0131l\u0131k Maratonu\" alt=\"\" src=\"http:\/\/www.ayaktakimi.org\/v2\/wp-content\/uploads\/dsc_0099-1-800x600.jpg\" width=\"500\" height=\"271\" srcset=\"https:\/\/www.ayaktakimi.org\/v2\/wp-content\/uploads\/dsc_0099-1-800x600.jpg 800w, https:\/\/www.ayaktakimi.org\/v2\/wp-content\/uploads\/dsc_0099-1-800x600-300x163.jpg 300w\" sizes=\"(max-width: 500px) 100vw, 500px\" \/><\/a><\/p>\n<p style=\"text-align: justify;\">K\u0131\u015fa girerken, Kara Havac\u0131 dostlar\u0131m\u0131z ile Ankara&#8217;n\u0131n yeni adranalin mekan\u0131, Ankara Karting Tesisleri&#8217;nin zorlu pistinde, 9 hp&#8217;lik ara\u00e7larla (hafif direksiyon, \u00f6zel lastikler, hidrolik frenler, 85km\/s h\u0131z) \u00f6zel bir turnuva ger\u00e7ekle\u015ftirdik. Bu turnuva ekimizin ger\u00e7ekle\u015ftirmi\u015f oldu\u011fu 8. organizasyon olarak deneyimlerimize eklendi. Maraton \u015feklinde dayan\u0131kl\u0131l\u0131k yar\u0131\u015f\u0131n\u0131n yap\u0131ld\u0131\u011f\u0131 bu pistte, ilk turnuvan\u0131n ekibimiz taraf\u0131ndan yap\u0131lmas\u0131 bizi daha \u00e7ok heyecanland\u0131rd\u0131.\u00a030 dakilal\u0131k s\u0131ralama turundan sonra, 9 tak\u0131m 2 saat boyunca pisti turlad\u0131lar. Pist \u00fcst\u00fcnde her tak\u0131m\u0131 kendi pit giri\u015flerinde pilotlar\u0131n\u0131 de\u011fi\u015ftirdiler, heyecana ortak oldular. \u00a0Bu organizasyonda t\u00fcm pilotlar\u0131n birbirleri ile centilmence m\u00fccadele etmeleri mutluluk vericiydi.<\/p>\n<p style=\"text-align: justify;\">Yar\u0131\u015f ile ilgili foto\u011fraflar\u0131 ve Mehmet Akif ATASEL\u0130M&#8217;in rekorunu yaz\u0131n\u0131n devam\u0131nda g\u00f6rebilirsiniz.<\/p>\n<p style=\"text-align: justify;\"><!--more--><\/p>\n<p style=\"text-align: justify;\">Pist rekorunu\u00a0<span style=\"color: #ff0000;\"><strong><span style=\"color: #ff0000;\">51.20<\/span><\/strong><\/span> ile\u00a0<span style=\"color: #ff0000;\"><span style=\"color: #ff0000;\"><strong>Mehmet Akif ATASEL\u0130M<\/strong><\/span><\/span>k\u0131rd\u0131. Ba\u015far\u0131lar\u0131n\u0131n devam\u0131n\u0131 dileriz.<\/p>\n<p style=\"text-align: center;\"><a href=\"http:\/\/www.ayaktakimi.org\/v2\/wp-content\/uploads\/dsc_0346-800x600.jpg\"><br \/>\n<img decoding=\"async\" loading=\"lazy\" class=\"size-full wp-image-1245  aligncenter\" title=\"Mehmet Akif ATASEL\u0130M\" alt=\"\" src=\"http:\/\/www.ayaktakimi.org\/v2\/wp-content\/uploads\/dsc_0346-800x600.jpg\" width=\"500\" height=\"379\" srcset=\"https:\/\/www.ayaktakimi.org\/v2\/wp-content\/uploads\/dsc_0346-800x600.jpg 791w, https:\/\/www.ayaktakimi.org\/v2\/wp-content\/uploads\/dsc_0346-800x600-300x227.jpg 300w\" sizes=\"(max-width: 500px) 100vw, 500px\" \/><\/a><\/p>\n<p>Maraton kat\u0131lan ve tak\u0131mlar ve dereceleri \u015funlar:<\/p>\n<p><!--more--><\/p>\n<p style=\"text-align: justify;\">Maratona 1.11 en iyi tur s\u00fcresiyle 5. s\u0131rada ba\u015flayan:<br \/>\n-Yusuf DEM\u0130R<br \/>\n-\u0130lker AYKIR<br \/>\n-G.\u00c7AKAR<br \/>\n-Hamdi BAYRAKTAR<br \/>\ntaraf\u0131ndan olu\u015fturulan tak\u0131m, 105 tur atarak maraton <strong><span style=\"color: #ff0000;\">\u015eampiyonu <\/span><\/strong>oldu.<\/p>\n<p style=\"text-align: justify;\">Maratona 1.10 en iyi tur s\u00fcresiyle 3.s\u0131rada ba\u015flayan:<br \/>\n-Mehmet Akif ATASEL\u0130M<br \/>\n-Nazif BALCI<br \/>\n-Erhan ERKO\u00c7<br \/>\n-Serkan \u015eAH\u0130N<br \/>\ntaraf\u0131ndan olu\u015fturulan tak\u0131m, 105 tur aratarak 1.ile aras\u0131nda 12sn. farkla maraton <strong><span style=\"color: #ff0000;\">2.si<\/span><\/strong> oldu.<\/p>\n<p style=\"text-align: justify;\">Maratona 1.08 en iyi tur s\u00fcresiyle 1.s\u0131rada ba\u015flayan:<br \/>\n-Serkan CANKURT<br \/>\n-Ali S\u00dcREZL\u0130O\u011eLU<br \/>\n-Rasim KA\u00c7AN<br \/>\n-S\u00fcleyman Y\u0130\u011e\u0130TO\u011eLU<br \/>\ntaraf\u0131ndan olu\u015fturulan tak\u0131m, 105 tur aratarak 2.ile aras\u0131nda 37sn farkla maraton <span style=\"color: #ff0000;\"><strong>3.s\u00fc<\/strong><\/span> oldu.<\/p>\n<p>4. 104 tur ile <strong><span style=\"color: #ff0000;\">1 <\/span><\/strong>numaral\u0131 arac\u0131 kullanan tak\u0131m.<br \/>\n5. 103 tur ile <strong><span style=\"color: #ff0000;\">4 <\/span><\/strong>numaral\u0131 arac\u0131 kullanan tak\u0131m.<br \/>\n6. 101 tur ile <strong><span style=\"color: #ff0000;\">7<\/span><\/strong> numaral\u0131 arac\u0131 kullanan tak\u0131m.<br \/>\n7. 100 tur ile <span style=\"color: #ff0000;\"><strong>2<\/strong><\/span> numaral\u0131 arac\u0131 kullanan tak\u0131m.<br \/>\n8. \u00a0 98 tur ile <span style=\"color: #ff0000;\"><strong>3<\/strong><\/span> numaral\u0131 arac\u0131 kullanan tak\u0131m.<br \/>\n9. \u00a0 96 tur ile <span style=\"color: #ff0000;\"><strong>5<\/strong><\/span> numaral\u0131 arac\u0131 kullanan tak\u0131m.<\/p>\n<p style=\"text-align: justify;\">Bu maratonda eme\u011fin ge\u00e7en ba\u015fta Mehmet Akif ATASEL\u0130M ve t\u00fcm Kara Havac\u0131 dostlar\u0131m\u0131za, Ankara Karting Y\u00f6netimine ve Ayak Tak\u0131m\u0131 Organizasyon Ekibi&#8217;ne yeni kat\u0131lan dostlar\u0131m\u0131za te\u015fekk\u00fcr ederiz.<\/p>\n<p style=\"text-align: justify;\">Foto\u011fraflar i\u00e7in de ayr\u0131ca <span style=\"color: #ff0000;\"><strong>Hasan \u00d6NC\u00dc<\/strong><\/span> arkada\u015f\u0131m\u0131za \u00e7ok te\u015fekk\u00fcr ederiz.<\/p>\n<p style=\"text-align: justify;\">Foto\u011fraflar\u0131 a\u015fa\u011f\u0131daki linkten g\u00f6rebilirsiniz.<\/p>\n<table style=\"width: 194px;\" border=\"0\">\n<tbody>\n<tr>\n<td style=\"height: 194px; background: url('http:\/\/picasaweb.google.com.tr\/s\/c\/transparent_album_background.gif') no-repeat left;\" align=\"center\"><a href=\"http:\/\/picasaweb.google.com.tr\/beseri\/AyakTakMKaraHavacLKKartingMaratonuNo1?feat=embedwebsite\"><img decoding=\"async\" loading=\"lazy\" style=\"margin: 1px 0 0 4px;\" alt=\"\" src=\"http:\/\/lh3.ggpht.com\/_WRJukQLQZmI\/Sy_ElgZiCAE\/AAAAAAAAEiI\/ZXNd7H4wiuQ\/s160-c\/AyakTakMKaraHavacLKKartingMaratonuNo1.jpg\" width=\"160\" height=\"160\" \/><\/a><\/td>\n<\/tr>\n<tr>\n<td style=\"text-align: center; font-family: arial,sans-serif; font-size: 11px;\"><a style=\"color: #4d4d4d; font-weight: bold; text-decoration: none;\" href=\"http:\/\/picasaweb.google.com.tr\/beseri\/AyakTakMKaraHavacLKKartingMaratonuNo1?feat=embedwebsite\">Ayak Tak\u0131m\u0131 Kara Havac\u0131l\u0131k Karting Maratonu No:1<\/a><\/td>\n<\/tr>\n<\/tbody>\n<\/table>\n","protected":false},"excerpt":{"rendered":"<p>K\u0131\u015fa girerken, Kara Havac\u0131 dostlar\u0131m\u0131z ile Ankara&#8217;n\u0131n yeni adranalin mekan\u0131, Ankara Karting Tesisleri&#8217;nin zorlu pistinde, 9 hp&#8217;lik ara\u00e7larla (hafif direksiyon, \u00f6zel lastikler, hidrolik frenler, 85km\/s h\u0131z) \u00f6zel bir turnuva ger\u00e7ekle\u015ftirdik. Bu turnuva ekimizin ger\u00e7ekle\u015ftirmi\u015f oldu\u011fu 8. organizasyon olarak deneyimlerimize eklendi. Maraton \u015feklinde dayan\u0131kl\u0131l\u0131k yar\u0131\u015f\u0131n\u0131n yap\u0131ld\u0131\u011f\u0131 bu pistte, ilk turnuvan\u0131n ekibimiz taraf\u0131ndan yap\u0131lmas\u0131 bizi daha \u00e7ok [&hellip;]<\/p>\n","protected":false},"author":1,"featured_media":0,"comment_status":"closed","ping_status":"open","sticky":false,"template":"","format":"standard","meta":{"_s2mail":"yes"},"categories":[17],"tags":[3],"aioseo_notices":[],"_links":{"self":[{"href":"https:\/\/www.ayaktakimi.org\/v2\/wp-json\/wp\/v2\/posts\/1192"}],"collection":[{"href":"https:\/\/www.ayaktakimi.org\/v2\/wp-json\/wp\/v2\/posts"}],"about":[{"href":"https:\/\/www.ayaktakimi.org\/v2\/wp-json\/wp\/v2\/types\/post"}],"author":[{"embeddable":true,"href":"https:\/\/www.ayaktakimi.org\/v2\/wp-json\/wp\/v2\/users\/1"}],"replies":[{"embeddable":true,"href":"https:\/\/www.ayaktakimi.org\/v2\/wp-json\/wp\/v2\/comments?post=1192"}],"version-history":[{"count":19,"href":"https:\/\/www.ayaktakimi.org\/v2\/wp-json\/wp\/v2\/posts\/1192\/revisions"}],"predecessor-version":[{"id":3336,"href":"https:\/\/www.ayaktakimi.org\/v2\/wp-json\/wp\/v2\/posts\/1192\/revisions\/3336"}],"wp:attachment":[{"href":"https:\/\/www.ayaktakimi.org\/v2\/wp-json\/wp\/v2\/media?parent=1192"}],"wp:term":[{"taxonomy":"category","embeddable":true,"href":"https:\/\/www.ayaktakimi.org\/v2\/wp-json\/wp\/v2\/categories?post=1192"},{"taxonomy":"post_tag","embeddable":true,"href":"https:\/\/www.ayaktakimi.org\/v2\/wp-json\/wp\/v2\/tags?post=1192"}],"curies":[{"name":"wp","href":"https:\/\/api.w.org\/{rel}","templated":true}]}}