{"id":1606,"date":"2010-04-27T21:57:43","date_gmt":"2010-04-27T19:57:43","guid":{"rendered":"http:\/\/www.ayaktakimi.org\/v2\/?p=1606"},"modified":"2011-01-25T03:55:14","modified_gmt":"2011-01-25T01:55:14","slug":"hasandede","status":"publish","type":"post","link":"https:\/\/www.ayaktakimi.org\/v2\/hasandede\/","title":{"rendered":"T\u00fcrkiye OffRoad \u015eampiyonas\u0131 2.Yar\u0131\u015f\u0131 Hasandede (1-2 May\u0131s)"},"content":{"rendered":"<p style=\"text-align: center;\"><a href=\"http:\/\/www.ayaktakimi.org\/v2\/wp-content\/uploads\/7T4J1P7Y2L2B8Y4F7U4R7I6U.jpg\"><img decoding=\"async\" loading=\"lazy\" class=\"size-full wp-image-1608 aligncenter\" title=\"Off Road heyacan\u0131na ortak olun...\" src=\"http:\/\/www.ayaktakimi.org\/v2\/wp-content\/uploads\/7T4J1P7Y2L2B8Y4F7U4R7I6U.jpg\" alt=\"\" width=\"203\" height=\"288\" srcset=\"https:\/\/www.ayaktakimi.org\/v2\/wp-content\/uploads\/7T4J1P7Y2L2B8Y4F7U4R7I6U.jpg 338w, https:\/\/www.ayaktakimi.org\/v2\/wp-content\/uploads\/7T4J1P7Y2L2B8Y4F7U4R7I6U-211x300.jpg 211w\" sizes=\"(max-width: 203px) 100vw, 203px\" \/><\/a><\/p>\n<p style=\"text-align: justify;\">En son 2008 Kas\u0131m ay\u0131nda hakem olarak kat\u0131ld\u0131\u011f\u0131m\u0131z K\u0131r\u0131kkale&#8217;nin g\u00fczel il\u00e7esi Hasandede&#8217;de yine bir Off-Road yar\u0131\u015f\u0131 d\u00fczendi.<\/p>\n<p style=\"text-align: justify;\"><a href=\"http:\/\/www.ayaktakimi.org\/v2\/turkiye-offroad-sampiyonasi-kirikkale-8-9-kasim-2008\/\" target=\"_blank\"><span style=\"color: #ff0000;\"><span style=\"text-decoration: none;\">2008&#8217;deki yar\u0131\u015fla ilgili bilgiler i\u00e7in t\u0131klay\u0131n\u0131z&#8230;<\/span><\/span><\/a><\/p>\n<p style=\"text-align: justify;\">T\u00fcrkiye Off-road \u015eampiyonas\u0131\u2019n\u0131n ikinci yar\u0131\u015f\u0131 K\u0131r\u0131kkale Hasandede\u2019de yap\u0131lacak. ANDOFF (Ankara Do\u011fa Sporlar\u0131 ve Off-Road K\u00fcl\u00fcb\u00fc) taraf\u0131ndan d\u00fczenlenen organizasyon 1-2 May\u0131s g\u00fcnleri ko\u015fulacak. Hasandede Belediyesi yar\u0131\u015fa 4. Kez ev sahipli\u011fi yapacak. Daha \u00f6nce iki Mahalli, bir ulusal yar\u0131\u015f\u0131n yap\u0131ld\u0131\u011f\u0131 Hasandede pilotlar a\u00e7\u0131s\u0131ndan zevkli ve zor bir parkur olarak biliniyor. Hasandede Belediye ba\u015fkan\u0131 Say\u0131n Malik Ejder \u00c7o\u015fkun yar\u0131\u015f haz\u0131rl\u0131klar\u0131 ile bizzat ilgileniyor.<\/p>\n<p style=\"text-align: justify;\"><!--more--><\/p>\n<p style=\"text-align: justify;\">Seyircilerin, sporcular\u0131n ve g\u00f6revlilerin zevk alaca\u011f\u0131 bu yar\u0131\u015fta, ekipler Hasandede, Malik Ejder \u00c7o\u015fkun ve ANDOFF isimlerinden olu\u015fan 11 \u00f6zel etapta 109,8 kilometre, normal etapta 5.4 kilometre yol alarak toplam da 115.2 kilometre yapacaklar.<\/p>\n<p style=\"text-align: justify;\">Yar\u0131\u015fma iki g\u00fcn s\u00fcrecek olup, ilk g\u00fcn ilk araban\u0131n start\u0131 saat 15.00\u2019da verilecek ve yar\u0131\u015f saat 17.15\u2019de bitecek. \u0130kinci g\u00fcn ise ilk araban\u0131n start\u0131 saat 10.35\u2019da verilecek ve yar\u0131\u015f saat 18.45\u2019de \u00f6d\u00fcl t\u00f6reni yap\u0131larak dereceye giren yar\u0131\u015fmac\u0131lara kupalar\u0131 da\u011f\u0131t\u0131larak bitirilecek.<\/p>\n<p style=\"text-align: justify;\">Yar\u0131\u015fla ilgili a\u015fa\u011f\u0131daki linkten foto\u011fraflar\u0131 g\u00f6rebilirsiniz. Foto\u011fraflar; \u00fcyelerimizden \u0130brahim AYHAN taraf\u0131ndan \u00e7ekilmi\u015ftir. Kendisine te\u015fekk\u00fcr ederiz.<\/p>\n<table style=\"width: 194px;\">\n<tbody>\n<tr>\n<td style=\"height: 194px; background: url(http:\/\/picasaweb.google.com.tr\/s\/c\/transparent_album_background.gif) no-repeat left;\" align=\"center\"><a href=\"http:\/\/picasaweb.google.com.tr\/beseri\/12MayS2010OffRoad?feat=embedwebsite\"><img decoding=\"async\" loading=\"lazy\" style=\"margin: 1px 0 0 4px;\" src=\"http:\/\/lh5.ggpht.com\/_WRJukQLQZmI\/S-cAtQF5UwE\/AAAAAAAAGjM\/KrmFcbbVo38\/s160-c\/12MayS2010OffRoad.jpg\" alt=\"\" width=\"160\" height=\"160\" \/><\/a><\/td>\n<\/tr>\n<tr>\n<td style=\"text-align: center; font-family: arial,sans-serif; font-size: 11px;\"><a style=\"color: #4d4d4d; font-weight: bold; text-decoration: none;\" href=\"http:\/\/picasaweb.google.com.tr\/beseri\/12MayS2010OffRoad?feat=embedwebsite\">1-2 May\u0131s (2010) Off-Road<\/a><\/td>\n<\/tr>\n<\/tbody>\n<\/table>\n","protected":false},"excerpt":{"rendered":"<p>En son 2008 Kas\u0131m ay\u0131nda hakem olarak kat\u0131ld\u0131\u011f\u0131m\u0131z K\u0131r\u0131kkale&#8217;nin g\u00fczel il\u00e7esi Hasandede&#8217;de yine bir Off-Road yar\u0131\u015f\u0131 d\u00fczendi. 2008&#8217;deki yar\u0131\u015fla ilgili bilgiler i\u00e7in t\u0131klay\u0131n\u0131z&#8230; T\u00fcrkiye Off-road \u015eampiyonas\u0131\u2019n\u0131n ikinci yar\u0131\u015f\u0131 K\u0131r\u0131kkale Hasandede\u2019de yap\u0131lacak. ANDOFF (Ankara Do\u011fa Sporlar\u0131 ve Off-Road K\u00fcl\u00fcb\u00fc) taraf\u0131ndan d\u00fczenlenen organizasyon 1-2 May\u0131s g\u00fcnleri ko\u015fulacak. Hasandede Belediyesi yar\u0131\u015fa 4. Kez ev sahipli\u011fi yapacak. Daha \u00f6nce [&hellip;]<\/p>\n","protected":false},"author":1,"featured_media":0,"comment_status":"open","ping_status":"open","sticky":false,"template":"","format":"standard","meta":{"_s2mail":""},"categories":[5],"tags":[18],"aioseo_notices":[],"_links":{"self":[{"href":"https:\/\/www.ayaktakimi.org\/v2\/wp-json\/wp\/v2\/posts\/1606"}],"collection":[{"href":"https:\/\/www.ayaktakimi.org\/v2\/wp-json\/wp\/v2\/posts"}],"about":[{"href":"https:\/\/www.ayaktakimi.org\/v2\/wp-json\/wp\/v2\/types\/post"}],"author":[{"embeddable":true,"href":"https:\/\/www.ayaktakimi.org\/v2\/wp-json\/wp\/v2\/users\/1"}],"replies":[{"embeddable":true,"href":"https:\/\/www.ayaktakimi.org\/v2\/wp-json\/wp\/v2\/comments?post=1606"}],"version-history":[{"count":11,"href":"https:\/\/www.ayaktakimi.org\/v2\/wp-json\/wp\/v2\/posts\/1606\/revisions"}],"predecessor-version":[{"id":1616,"href":"https:\/\/www.ayaktakimi.org\/v2\/wp-json\/wp\/v2\/posts\/1606\/revisions\/1616"}],"wp:attachment":[{"href":"https:\/\/www.ayaktakimi.org\/v2\/wp-json\/wp\/v2\/media?parent=1606"}],"wp:term":[{"taxonomy":"category","embeddable":true,"href":"https:\/\/www.ayaktakimi.org\/v2\/wp-json\/wp\/v2\/categories?post=1606"},{"taxonomy":"post_tag","embeddable":true,"href":"https:\/\/www.ayaktakimi.org\/v2\/wp-json\/wp\/v2\/tags?post=1606"}],"curies":[{"name":"wp","href":"https:\/\/api.w.org\/{rel}","templated":true}]}}