{"id":1621,"date":"2010-04-25T16:12:00","date_gmt":"2010-04-25T14:12:00","guid":{"rendered":"http:\/\/www.ayaktakimi.org\/v2\/?p=1621"},"modified":"2012-06-19T20:38:33","modified_gmt":"2012-06-19T18:38:33","slug":"kemer2010","status":"publish","type":"post","link":"https:\/\/www.ayaktakimi.org\/v2\/kemer2010\/","title":{"rendered":"Kemer&#8217;de Dald\u0131k (23-25 Nisan 2010)"},"content":{"rendered":"<p style=\"text-align: center;\"><a href=\"http:\/\/www.ayaktakimi.org\/v2\/wp-content\/uploads\/IMG_5021.jpg\"><img decoding=\"async\" loading=\"lazy\" class=\"size-full wp-image-1622 aligncenter\" title=\"Ayak Tak\u0131m\u0131 Dal\u0131\u015f Ekibi\" src=\"http:\/\/www.ayaktakimi.org\/v2\/wp-content\/uploads\/IMG_5021.jpg\" alt=\"\" width=\"358\" height=\"269\" srcset=\"https:\/\/www.ayaktakimi.org\/v2\/wp-content\/uploads\/IMG_5021.jpg 640w, https:\/\/www.ayaktakimi.org\/v2\/wp-content\/uploads\/IMG_5021-300x225.jpg 300w\" sizes=\"(max-width: 358px) 100vw, 358px\" \/><\/a><\/p>\n<p style=\"text-align: justify;\">Ayak Tak\u0131m\u0131 Dal\u0131\u015f Ekibi, Kemer&#8217;de 23-24-25 Nisan tarihlerinde 6 dal\u0131\u015f yaparak dal\u0131\u015f sezonunu a\u00e7t\u0131.<\/p>\n<p style=\"text-align: justify;\">Ekibimiz MDC (Mediterranean Diving Center) dal\u0131\u015f okulu ile birlikte Antalya &#8211; Kemer&#8217;de, 3 adalar, Paris bat\u0131\u011f\u0131, D\u00f6kmeta\u015f mevkiinde dal\u0131\u015flar yap\u0131p unutulmaz bir haftasonu ya\u015fad\u0131.<\/p>\n<p style=\"text-align: justify;\"><!--more--><\/p>\n<p style=\"text-align: justify;\">Dal\u0131\u015f Ekibi Sorumlumuz H\u00fcsn\u00fc ELMACIO\u011eLU ve t\u00fcm dostlar\u0131m\u0131za te\u015fekk\u00fcr ederiz.<\/p>\n<p style=\"text-align: justify;\">Foto\u011fraflar\u0131 g\u00f6rmek i\u00e7in t\u0131klay\u0131n\u0131z&#8230;<\/p>\n<table style=\"width: 194px;\">\n<tbody>\n<tr>\n<td style=\"height: 194px; background: url('http:\/\/picasaweb.google.com.tr\/s\/c\/transparent_album_background.gif') no-repeat left;\" align=\"center\"><a href=\"http:\/\/picasaweb.google.com.tr\/beseri\/23Nisan2010DalS?feat=embedwebsite\"><img decoding=\"async\" loading=\"lazy\" style=\"margin: 1px 0 0 4px;\" src=\"http:\/\/lh5.ggpht.com\/_WRJukQLQZmI\/S9g2IerUPyE\/AAAAAAAAGL8\/weNza3HNTT4\/s160-c\/23Nisan2010DalS.jpg\" alt=\"\" width=\"160\" height=\"160\" \/><\/a><\/td>\n<\/tr>\n<tr>\n<td style=\"text-align: center; font-family: arial,sans-serif; font-size: 11px;\"><a style=\"color: #4d4d4d; font-weight: bold; text-decoration: none;\" href=\"http:\/\/picasaweb.google.com.tr\/beseri\/23Nisan2010DalS?feat=embedwebsite\">23 Nisan 2010 Dal\u0131\u015f\u0131<\/a><\/td>\n<\/tr>\n<\/tbody>\n<\/table>\n","protected":false},"excerpt":{"rendered":"<p>Ayak Tak\u0131m\u0131 Dal\u0131\u015f Ekibi, Kemer&#8217;de 23-24-25 Nisan tarihlerinde 6 dal\u0131\u015f yaparak dal\u0131\u015f sezonunu a\u00e7t\u0131. Ekibimiz MDC (Mediterranean Diving Center) dal\u0131\u015f okulu ile birlikte Antalya &#8211; Kemer&#8217;de, 3 adalar, Paris bat\u0131\u011f\u0131, D\u00f6kmeta\u015f mevkiinde dal\u0131\u015flar yap\u0131p unutulmaz bir haftasonu ya\u015fad\u0131.<\/p>\n","protected":false},"author":1,"featured_media":0,"comment_status":"open","ping_status":"open","sticky":false,"template":"","format":"standard","meta":{"_s2mail":"yes"},"categories":[5],"tags":[16],"aioseo_notices":[],"_links":{"self":[{"href":"https:\/\/www.ayaktakimi.org\/v2\/wp-json\/wp\/v2\/posts\/1621"}],"collection":[{"href":"https:\/\/www.ayaktakimi.org\/v2\/wp-json\/wp\/v2\/posts"}],"about":[{"href":"https:\/\/www.ayaktakimi.org\/v2\/wp-json\/wp\/v2\/types\/post"}],"author":[{"embeddable":true,"href":"https:\/\/www.ayaktakimi.org\/v2\/wp-json\/wp\/v2\/users\/1"}],"replies":[{"embeddable":true,"href":"https:\/\/www.ayaktakimi.org\/v2\/wp-json\/wp\/v2\/comments?post=1621"}],"version-history":[{"count":5,"href":"https:\/\/www.ayaktakimi.org\/v2\/wp-json\/wp\/v2\/posts\/1621\/revisions"}],"predecessor-version":[{"id":2710,"href":"https:\/\/www.ayaktakimi.org\/v2\/wp-json\/wp\/v2\/posts\/1621\/revisions\/2710"}],"wp:attachment":[{"href":"https:\/\/www.ayaktakimi.org\/v2\/wp-json\/wp\/v2\/media?parent=1621"}],"wp:term":[{"taxonomy":"category","embeddable":true,"href":"https:\/\/www.ayaktakimi.org\/v2\/wp-json\/wp\/v2\/categories?post=1621"},{"taxonomy":"post_tag","embeddable":true,"href":"https:\/\/www.ayaktakimi.org\/v2\/wp-json\/wp\/v2\/tags?post=1621"}],"curies":[{"name":"wp","href":"https:\/\/api.w.org\/{rel}","templated":true}]}}