{"id":1811,"date":"2010-06-19T00:46:05","date_gmt":"2010-06-18T22:46:05","guid":{"rendered":"http:\/\/www.ayaktakimi.org\/v2\/?p=1811"},"modified":"2011-01-25T03:48:34","modified_gmt":"2011-01-25T01:48:34","slug":"10marmara","status":"publish","type":"post","link":"https:\/\/www.ayaktakimi.org\/v2\/10marmara\/","title":{"rendered":"10.Uluslararas\u0131 Marmara Sualt\u0131 Festivali&#8217;ndeyiz (26 Haziran &#8211; 3 Temmuz 2010)"},"content":{"rendered":"<div id=\"_mcePaste\" style=\"text-align: center;\"><a href=\"http:\/\/www.ayaktakimi.org\/v2\/wp-content\/uploads\/Ayak-Tak\u0131m\u0131-Dal\u0131\u015f-Ekibi.jpg\"><img decoding=\"async\" loading=\"lazy\" class=\"aligncenter size-full wp-image-1812\" title=\"Ayak Tak\u0131m\u0131 Dal\u0131\u015f Ekibi\" src=\"http:\/\/www.ayaktakimi.org\/v2\/wp-content\/uploads\/Ayak-Tak\u0131m\u0131-Dal\u0131\u015f-Ekibi.jpg\" alt=\"\" width=\"327\" height=\"400\" srcset=\"https:\/\/www.ayaktakimi.org\/v2\/wp-content\/uploads\/Ayak-Tak\u0131m\u0131-Dal\u0131\u015f-Ekibi.jpg 327w, https:\/\/www.ayaktakimi.org\/v2\/wp-content\/uploads\/Ayak-Tak\u0131m\u0131-Dal\u0131\u015f-Ekibi-245x300.jpg 245w\" sizes=\"(max-width: 327px) 100vw, 327px\" \/><\/a><\/div>\n<div style=\"text-align: justify;\"><span style=\"color: #0000ff;\"><strong><\/p>\n<p><\/strong><strong> <\/strong><\/p>\n<p><\/span><\/div>\n<p style=\"text-align: justify;\"><span style=\"color: #0000ff;\"><strong>Ayak Tak\u0131m\u0131 yine uluslararas\u0131 bir organizasyona kat\u0131l\u0131yor.<\/strong><\/span><\/p>\n<p style=\"text-align: justify;\">Dal\u0131\u015f ekibi sorumlumuz H\u00fcsn\u00fc ELMACIO\u011eLU ve ekibimizden Derya Nurhan BALLI 26 Haziran &#8211; 03 Temmuz 2010 tarihleri aras\u0131nda d\u00fczenlenecek 10. ULUSLARARASI MARMARA SUALTI FEST\u0130VAL\u0130&#8217;ne kat\u0131lacak ve ayr\u0131ca 17. &#8220;Ya\u015fayan Marmara&#8221; Sualt\u0131 G\u00f6r\u00fcnt\u00fcleme Yar\u0131\u015fmas\u0131na Marmara Adas\u0131nda Ayak Tak\u0131m\u0131 Dal\u0131\u015f Ekibimizi temsil edeceklerdir.  <a href=\"http:\/\/marmarafestival.org\/Default.aspx\" target=\"_blank\">Festivalle ilgili detayl\u0131 bilgi i\u00e7in t\u0131klay\u0131n\u0131z&#8230;<\/a><\/p>\n<p style=\"text-align: justify;\"><a href=\"http:\/\/galeri.netfotograf.com\/portfolyo.asp?nf=136063\" target=\"_blank\"><span style=\"color: #ff0000;\"><span style=\"text-decoration: none;\">Derya Nurhan BALLI&#8217;n\u0131n foto\u011fraf \u00e7al\u0131\u015fmalar\u0131 i\u00e7in t\u0131klay\u0131n\u0131z&#8230;<\/span><\/span><\/a><\/p>\n<p style=\"text-align: justify;\">Yar\u0131\u015fmada \u00e7ekilen foto\u011fraflar \u00e7ok yak\u0131nda sitemizde&#8230;<\/p>\n","protected":false},"excerpt":{"rendered":"<p>Ayak Tak\u0131m\u0131 yine uluslararas\u0131 bir organizasyona kat\u0131l\u0131yor. Dal\u0131\u015f ekibi sorumlumuz H\u00fcsn\u00fc ELMACIO\u011eLU ve ekibimizden Derya Nurhan BALLI 26 Haziran &#8211; 03 Temmuz 2010 tarihleri aras\u0131nda d\u00fczenlenecek 10. ULUSLARARASI MARMARA SUALTI FEST\u0130VAL\u0130&#8217;ne kat\u0131lacak ve ayr\u0131ca 17. &#8220;Ya\u015fayan Marmara&#8221; Sualt\u0131 G\u00f6r\u00fcnt\u00fcleme Yar\u0131\u015fmas\u0131na Marmara Adas\u0131nda Ayak Tak\u0131m\u0131 Dal\u0131\u015f Ekibimizi temsil edeceklerdir. Festivalle ilgili detayl\u0131 bilgi i\u00e7in t\u0131klay\u0131n\u0131z&#8230; Derya [&hellip;]<\/p>\n","protected":false},"author":1,"featured_media":0,"comment_status":"open","ping_status":"open","sticky":false,"template":"","format":"standard","meta":{"_s2mail":""},"categories":[5],"tags":[15,16],"aioseo_notices":[],"_links":{"self":[{"href":"https:\/\/www.ayaktakimi.org\/v2\/wp-json\/wp\/v2\/posts\/1811"}],"collection":[{"href":"https:\/\/www.ayaktakimi.org\/v2\/wp-json\/wp\/v2\/posts"}],"about":[{"href":"https:\/\/www.ayaktakimi.org\/v2\/wp-json\/wp\/v2\/types\/post"}],"author":[{"embeddable":true,"href":"https:\/\/www.ayaktakimi.org\/v2\/wp-json\/wp\/v2\/users\/1"}],"replies":[{"embeddable":true,"href":"https:\/\/www.ayaktakimi.org\/v2\/wp-json\/wp\/v2\/comments?post=1811"}],"version-history":[{"count":8,"href":"https:\/\/www.ayaktakimi.org\/v2\/wp-json\/wp\/v2\/posts\/1811\/revisions"}],"predecessor-version":[{"id":1816,"href":"https:\/\/www.ayaktakimi.org\/v2\/wp-json\/wp\/v2\/posts\/1811\/revisions\/1816"}],"wp:attachment":[{"href":"https:\/\/www.ayaktakimi.org\/v2\/wp-json\/wp\/v2\/media?parent=1811"}],"wp:term":[{"taxonomy":"category","embeddable":true,"href":"https:\/\/www.ayaktakimi.org\/v2\/wp-json\/wp\/v2\/categories?post=1811"},{"taxonomy":"post_tag","embeddable":true,"href":"https:\/\/www.ayaktakimi.org\/v2\/wp-json\/wp\/v2\/tags?post=1811"}],"curies":[{"name":"wp","href":"https:\/\/api.w.org\/{rel}","templated":true}]}}