{"id":2645,"date":"2012-05-01T09:25:41","date_gmt":"2012-05-01T07:25:41","guid":{"rendered":"http:\/\/www.ayaktakimi.org\/v2\/?p=2645"},"modified":"2013-02-13T13:15:52","modified_gmt":"2013-02-13T11:15:52","slug":"ayrton-senna","status":"publish","type":"post","link":"https:\/\/www.ayaktakimi.org\/v2\/ayrton-senna\/","title":{"rendered":"Ayrton Senna Anma Karting Turnuvas\u0131 (1 May\u0131s 2012)"},"content":{"rendered":"<p style=\"text-align: justify;\"><span style=\"text-align: justify;\"><a href=\"http:\/\/www.ayaktakimi.org\/v2\/wp-content\/uploads\/IMG_3939.jpg\"><img decoding=\"async\" loading=\"lazy\" class=\"aligncenter  wp-image-2689\" title=\"\u00d6d\u00fcl t\u00f6reni\" alt=\"\" src=\"http:\/\/www.ayaktakimi.org\/v2\/wp-content\/uploads\/IMG_3939.jpg\" width=\"581\" height=\"292\" srcset=\"https:\/\/www.ayaktakimi.org\/v2\/wp-content\/uploads\/IMG_3939.jpg 1024w, https:\/\/www.ayaktakimi.org\/v2\/wp-content\/uploads\/IMG_3939-300x150.jpg 300w\" sizes=\"(max-width: 581px) 100vw, 581px\" \/><\/a>1 May\u0131s 2012 Sal\u0131 g\u00fcn\u00fc Aries Arena Hipodrom pistinde d\u00fczenlemi\u015f oldu\u011fumuz Ayrton Senna Anma Karting Turnuvas\u0131&#8217;na 51 ki\u015fi kat\u0131ld\u0131. MaxFm 95.8&#8217;nin radyo sponsorlu\u011funda d\u00fczenledi\u011fimiz turnuvada, canl\u0131 yay\u0131nda bize destekleri i\u00e7in ayr\u0131ca \u00e7ok te\u015fekk\u00fcr ederiz. Ufuk \u00dcniversitenin yo\u011fun kat\u0131l\u0131m\u0131ndan dolay\u0131 da F.G\u00f6rkem KILIN\u00c7&#8217;a \u00e7ok te\u015fekk\u00fcr ederiz. Ayr\u0131ca tek bayan pilotumuz G\u00f6zde \u00d6ZBAK\u0130&#8217;ye de ba\u015far\u0131lar\u0131n\u0131n devam\u0131n\u0131 dileriz.<\/span><\/p>\n<p style=\"text-align: justify;\"><span style=\"text-align: justify;\">B\u00fcy\u00fck m\u00fccadelenin ya\u015fand\u0131\u011f\u0131 3 a\u015famal\u0131 yar\u0131\u015f\u0131; ge\u00e7mi\u015f yar\u0131\u015flar\u0131m\u0131zda da birincili\u011fi olan Hacettepe \u00dcniversitesi \u00f6\u011frencisi, An\u0131l Mehmet \u015eAH\u0130N kazand\u0131. \u0130kincili\u011fi Gazi \u00dcniversitesi \u00f6\u011frencisi Salih Bu\u011fra FATI ve \u00fc\u00e7\u00fcnc\u00fcl\u00fck kupas\u0131n\u0131 da yine ge\u00e7mi\u015f yar\u0131\u015flar\u0131m\u0131zda birincili\u011fi olan Ankara \u00dcniversitesi \u00f6\u011frencisi Re\u015fat \u00d6ZTEL kazand\u0131.<\/span><\/p>\n<p style=\"text-align: justify;\">Yard\u0131mlar\u0131ndan \u00f6t\u00fcr\u00fc t\u00fcm Ayak Tak\u0131m\u0131 hakemlerine, pist \u00e7al\u0131\u015fanlar\u0131na, MaxFm 95.8 radyo djlerine ve \u00f6zellikle &#8220;T\u00fcrkiye&#8217;yi Uyand\u0131ran Adam&#8221; Say\u0131n \u00d6zg\u00fcr AKSUNA&#8217;ya \u00e7ok te\u015fekk\u00fcr ederiz.<\/p>\n<p style=\"text-align: justify;\">Finale kalan yar\u0131\u015fmac\u0131lar\u0131n listesi:<\/p>\n<p>An\u0131l Mehmet \u015eAH\u0130N<br \/>\nSalih Bu\u011fra FATI<br \/>\nRe\u015fat \u00d6ZTEL<br \/>\nKa\u011fan PAM\u0130R<br \/>\nKaan G\u00d6RG\u00dcL\u00dc<br \/>\nOrkun SAKARYA<br \/>\nBatuhan KAPLAN<br \/>\nK\u00fcr\u015fat \u00c7OBAN<br \/>\nEmre TAN<\/p>\n<p style=\"text-align: justify;\">Foto\u011fraflar yaz\u0131n\u0131n devam\u0131nda&#8230;<!--more--><\/p>\n<table style=\"width: 194px;\">\n<tbody>\n<tr>\n<td style=\"height: 194px; background: url('https:\/\/picasaweb.google.com\/s\/c\/transparent_album_background.gif') no-repeat left;\" align=\"center\"><a href=\"https:\/\/picasaweb.google.com\/115063969300238175319\/1MayS2012AyrtonSennaAnmaKartingTurnuvas?authuser=0&amp;feat=embedwebsite\"><img decoding=\"async\" loading=\"lazy\" style=\"margin: 1px 0 0 4px;\" alt=\"\" src=\"https:\/\/lh6.googleusercontent.com\/-dkGz9HP1z04\/T6Ayhj8gOdE\/AAAAAAAALMI\/BT8AOAfAj_k\/s160-c\/1MayS2012AyrtonSennaAnmaKartingTurnuvas.jpg\" width=\"160\" height=\"160\" \/><\/a><\/td>\n<\/tr>\n<tr>\n<td style=\"text-align: center; font-family: arial,sans-serif; font-size: 11px;\"><a style=\"color: #4d4d4d; font-weight: bold; text-decoration: none;\" href=\"https:\/\/picasaweb.google.com\/115063969300238175319\/1MayS2012AyrtonSennaAnmaKartingTurnuvas?authuser=0&amp;feat=embedwebsite\">1 May\u0131s 2012 Ayrton Senna Anma Karting Turnuvas\u0131<\/a><\/td>\n<\/tr>\n<\/tbody>\n<\/table>\n<p><img decoding=\"async\" loading=\"lazy\" class=\"aligncenter\" title=\"Ayrton Senna\" alt=\"\" src=\"http:\/\/www.ayaktakimi.org\/v2\/wp-content\/uploads\/AS3.jpg\" width=\"495\" height=\"700\" \/><\/p>\n<p style=\"text-align: justify;\"><span style=\"text-align: justify;\">4 ya\u015f\u0131nda karting ile otomobil sporlar\u0131 d\u00fcnyas\u0131na girmi\u015f, \u00a0bir nesili Formula 1 ile tan\u0131\u015ft\u0131ran, efsane pilot Ayrton Senna&#8217;y\u0131 anmak i\u00e7in toplan\u0131yoruz.\u00a01 May\u0131s 1994 tarihinde Imola pistinde hen\u00fcz 34 ya\u015f\u0131nda\u00a0kaza sonucu aram\u0131zdan ayr\u0131lan efsane pilot Ayrton Senna\u2019y\u0131 anmak i\u00e7in\u00a0Ayak Tak\u0131m\u0131 Organizasyon Ekibi\u2019nin d\u00fczenleyece\u011fi 10.Karting turnuvas\u0131na t\u00fcm otomobil sporlar\u0131 tutkunlar\u0131n\u0131 bekliyoruz.<\/span><\/p>\n<p style=\"text-align: justify;\"><iframe loading=\"lazy\" src=\"http:\/\/www.youtube.com\/embed\/3BdbpEvHfCs\" height=\"360\" width=\"640\" frameborder=\"0\"><\/iframe><\/p>\n<p><!--more--><br \/>\n<iframe loading=\"lazy\" src=\"http:\/\/www.youtube.com\/embed\/svDuPAThOlc\" height=\"315\" width=\"420\" frameborder=\"0\"><\/iframe><\/p>\n<p style=\"text-align: left;\"><span style=\"color: #ff0000;\"><strong><br \/>\n<\/strong><\/span><\/p>\n","protected":false},"excerpt":{"rendered":"<p>1 May\u0131s 2012 Sal\u0131 g\u00fcn\u00fc Aries Arena Hipodrom pistinde d\u00fczenlemi\u015f oldu\u011fumuz Ayrton Senna Anma Karting Turnuvas\u0131&#8217;na 51 ki\u015fi kat\u0131ld\u0131. MaxFm 95.8&#8217;in&#8230;<\/p>\n","protected":false},"author":1,"featured_media":0,"comment_status":"open","ping_status":"open","sticky":false,"template":"","format":"standard","meta":{"_s2mail":"yes"},"categories":[17],"tags":[3],"aioseo_notices":[],"_links":{"self":[{"href":"https:\/\/www.ayaktakimi.org\/v2\/wp-json\/wp\/v2\/posts\/2645"}],"collection":[{"href":"https:\/\/www.ayaktakimi.org\/v2\/wp-json\/wp\/v2\/posts"}],"about":[{"href":"https:\/\/www.ayaktakimi.org\/v2\/wp-json\/wp\/v2\/types\/post"}],"author":[{"embeddable":true,"href":"https:\/\/www.ayaktakimi.org\/v2\/wp-json\/wp\/v2\/users\/1"}],"replies":[{"embeddable":true,"href":"https:\/\/www.ayaktakimi.org\/v2\/wp-json\/wp\/v2\/comments?post=2645"}],"version-history":[{"count":21,"href":"https:\/\/www.ayaktakimi.org\/v2\/wp-json\/wp\/v2\/posts\/2645\/revisions"}],"predecessor-version":[{"id":2647,"href":"https:\/\/www.ayaktakimi.org\/v2\/wp-json\/wp\/v2\/posts\/2645\/revisions\/2647"}],"wp:attachment":[{"href":"https:\/\/www.ayaktakimi.org\/v2\/wp-json\/wp\/v2\/media?parent=2645"}],"wp:term":[{"taxonomy":"category","embeddable":true,"href":"https:\/\/www.ayaktakimi.org\/v2\/wp-json\/wp\/v2\/categories?post=2645"},{"taxonomy":"post_tag","embeddable":true,"href":"https:\/\/www.ayaktakimi.org\/v2\/wp-json\/wp\/v2\/tags?post=2645"}],"curies":[{"name":"wp","href":"https:\/\/api.w.org\/{rel}","templated":true}]}}