{"id":3502,"date":"2014-10-01T19:00:01","date_gmt":"2014-10-01T17:00:01","guid":{"rendered":"http:\/\/www.ayaktakimi.org\/v2\/?p=3502"},"modified":"2015-01-25T13:33:28","modified_gmt":"2015-01-25T11:33:28","slug":"cumhuriyet2014","status":"publish","type":"post","link":"https:\/\/www.ayaktakimi.org\/v2\/cumhuriyet2014\/","title":{"rendered":"Cumhuriyet Kupas\u0131 Karting Maratonu 2014 (29 Ekim)"},"content":{"rendered":"<p><a href=\"http:\/\/www.ayaktakimi.org\/v2\/wp-content\/uploads\/DSC1091.jpg\"><img decoding=\"async\" loading=\"lazy\" class=\"aligncenter  wp-image-3534\" src=\"http:\/\/www.ayaktakimi.org\/v2\/wp-content\/uploads\/DSC1091.jpg\" alt=\"www.ayaktakimi.org\" width=\"566\" height=\"377\" srcset=\"https:\/\/www.ayaktakimi.org\/v2\/wp-content\/uploads\/DSC1091.jpg 1024w, https:\/\/www.ayaktakimi.org\/v2\/wp-content\/uploads\/DSC1091-300x200.jpg 300w\" sizes=\"(max-width: 566px) 100vw, 566px\" \/><\/a><\/p>\n<p>Cumhuriyetimizin 91.y\u0131l\u0131 \u015ferefine d\u00fczenlemi\u015f\u00a0oldu\u011fumuz &#8220;Cumhuriyet Maratonu&#8221; b\u00fcy\u00fck \u00e7eki\u015fmeye sahne oldu. 95 yar\u0131\u015fmac\u0131, 15 tak\u0131m\u0131n kat\u0131ld\u0131\u011f\u0131 maratonda; 1.Odt\u00fc, 2.Oldskool Racing Team 3.Odt\u00fc oldu&#8230; Ekibimizin bu g\u00fcne kadar d\u00fczenledi\u011fi en b\u00fcy\u00fck turnuvada ilgi de m\u00fcthi\u015fti. T\u00fcrkiye&#8217;de ilk defa amat\u00f6r karting ara\u00e7lar\u0131 ile 4 saatlik bir maraton d\u00fczenlendi.<\/p>\n<p>Yar\u0131\u015f \u00f6ncesi radyo yay\u0131n\u0131m\u0131z:<br \/>\n<iframe loading=\"lazy\" src=\"\/\/www.dailymotion.com\/embed\/video\/x29dlr2\" width=\"480\" height=\"270\" frameborder=\"0\" allowfullscreen=\"allowfullscreen\"><\/iframe><\/p>\n<p><img decoding=\"async\" loading=\"lazy\" class=\"aligncenter  wp-image-3537\" src=\"http:\/\/www.ayaktakimi.org\/v2\/wp-content\/uploads\/DSC0900.jpg\" alt=\"www.ayaktakimi.org\" width=\"617\" height=\"383\" srcset=\"https:\/\/www.ayaktakimi.org\/v2\/wp-content\/uploads\/DSC0900.jpg 1024w, https:\/\/www.ayaktakimi.org\/v2\/wp-content\/uploads\/DSC0900-300x186.jpg 300w\" sizes=\"(max-width: 617px) 100vw, 617px\" \/><\/p>\n<p>TELEV\u0130ZYON HABERLER\u0130<br \/>\nTRT Spor Spor M-Oto Program\u0131:<br \/>\n<iframe loading=\"lazy\" src=\"\/\/www.dailymotion.com\/embed\/video\/x2fj58b\" width=\"480\" height=\"270\" frameborder=\"0\" allowfullscreen=\"allowfullscreen\"><\/iframe><\/p>\n<p>Beyaz TvB<br \/>\n<iframe loading=\"lazy\" src=\"\/\/www.dailymotion.com\/embed\/video\/x29ald6\" width=\"480\" height=\"270\" frameborder=\"0\" allowfullscreen=\"allowfullscreen\"><\/iframe><\/p>\n<p>HAVA G\u00d6R\u00dcNT\u00dcLER\u0130:<\/p>\n<p><iframe loading=\"lazy\" src=\"\/\/www.dailymotion.com\/embed\/video\/x29j6ff?logo=0\" width=\"560\" height=\"315\" frameborder=\"0\" allowfullscreen=\"allowfullscreen\"><\/iframe><\/p>\n<p>\u00c7ok \u00e7eki\u015fmeli ge\u00e7en maratondan \u00f6nce brifing yap\u0131ld\u0131. Sayg\u0131 duru\u015funun ard\u0131ndan \u015fanl\u0131\u00a0mar\u015f\u0131m\u0131z tek y\u00fcrek olarak okundu. Ard\u0131ndan 40 dakikal\u0131k s\u0131ralama turlar\u0131 ba\u015flad\u0131. S\u0131ralama turu sonu\u00e7lar\u0131:<\/p>\n<p><a href=\"http:\/\/www.ayaktakimi.org\/v2\/wp-content\/uploads\/s\u0131ralamaturu.png\"><img decoding=\"async\" loading=\"lazy\" class=\"aligncenter size-full wp-image-3532\" src=\"http:\/\/www.ayaktakimi.org\/v2\/wp-content\/uploads\/s\u0131ralamaturu.png\" alt=\"www.ayaktakimi.org\" width=\"484\" height=\"301\" srcset=\"https:\/\/www.ayaktakimi.org\/v2\/wp-content\/uploads\/s\u0131ralamaturu.png 484w, https:\/\/www.ayaktakimi.org\/v2\/wp-content\/uploads\/s\u0131ralamaturu-300x186.png 300w\" sizes=\"(max-width: 484px) 100vw, 484px\" \/><\/a><\/p>\n<p><a href=\"http:\/\/www.ayaktakimi.org\/v2\/wp-content\/uploads\/12.jpg\"><img decoding=\"async\" loading=\"lazy\" class=\"aligncenter  wp-image-3543\" src=\"http:\/\/www.ayaktakimi.org\/v2\/wp-content\/uploads\/12.jpg\" alt=\"www.ayaktakimi.org\" width=\"596\" height=\"447\" srcset=\"https:\/\/www.ayaktakimi.org\/v2\/wp-content\/uploads\/12.jpg 960w, https:\/\/www.ayaktakimi.org\/v2\/wp-content\/uploads\/12-300x225.jpg 300w\" sizes=\"(max-width: 596px) 100vw, 596px\" \/><\/a><\/p>\n<p><a href=\"http:\/\/www.ayaktakimi.org\/v2\/wp-content\/uploads\/DSC0720.jpg\"><img decoding=\"async\" loading=\"lazy\" class=\"aligncenter  wp-image-3539\" src=\"http:\/\/www.ayaktakimi.org\/v2\/wp-content\/uploads\/DSC0720.jpg\" alt=\"www.ayaktakimi.org\" width=\"595\" height=\"693\" srcset=\"https:\/\/www.ayaktakimi.org\/v2\/wp-content\/uploads\/DSC0720.jpg 789w, https:\/\/www.ayaktakimi.org\/v2\/wp-content\/uploads\/DSC0720-257x300.jpg 257w\" sizes=\"(max-width: 595px) 100vw, 595px\" \/><\/a><\/p>\n<p>&nbsp;<\/p>\n<p><a href=\"http:\/\/www.ayaktakimi.org\/v2\/wp-content\/uploads\/DSC0379.jpg\"><img decoding=\"async\" loading=\"lazy\" class=\"aligncenter  wp-image-3535\" src=\"http:\/\/www.ayaktakimi.org\/v2\/wp-content\/uploads\/DSC0379.jpg\" alt=\"www.ayaktakimi.org\" width=\"595\" height=\"396\" srcset=\"https:\/\/www.ayaktakimi.org\/v2\/wp-content\/uploads\/DSC0379.jpg 1024w, https:\/\/www.ayaktakimi.org\/v2\/wp-content\/uploads\/DSC0379-300x200.jpg 300w\" sizes=\"(max-width: 595px) 100vw, 595px\" \/><\/a><\/p>\n<p>Ard\u0131ndan g\u00fcvenlik arac\u0131yla birlikte hareketli start ile 200 dakikal\u0131k maraton da ba\u015flad\u0131. Teknik s\u0131k\u0131nt\u0131lar, cezalar, sinirler, kopan gaz telleri, patlayan lastikler&#8230; Kazas\u0131z belas\u0131z yar\u0131\u015f sona erdi. 4 saatlik b\u00fcy\u00fck Cumhuriyet Maratonu sonu\u00e7lar\u0131 \u015fu \u015fekilde:<\/p>\n<p><a href=\"http:\/\/www.ayaktakimi.org\/v2\/wp-content\/uploads\/sonu\u00e7lar.png\"><img decoding=\"async\" loading=\"lazy\" class=\"aligncenter  wp-image-3533\" src=\"http:\/\/www.ayaktakimi.org\/v2\/wp-content\/uploads\/sonu\u00e7lar.png\" alt=\"www.ayaktakimi.org\" width=\"623\" height=\"269\" srcset=\"https:\/\/www.ayaktakimi.org\/v2\/wp-content\/uploads\/sonu\u00e7lar.png 662w, https:\/\/www.ayaktakimi.org\/v2\/wp-content\/uploads\/sonu\u00e7lar-300x129.png 300w\" sizes=\"(max-width: 623px) 100vw, 623px\" \/><\/a><\/p>\n<p>&nbsp;<\/p>\n<p><a href=\"http:\/\/www.ayaktakimi.org\/v2\/wp-content\/uploads\/DSC0775.jpg\"><img decoding=\"async\" loading=\"lazy\" class=\"aligncenter  wp-image-3538\" src=\"http:\/\/www.ayaktakimi.org\/v2\/wp-content\/uploads\/DSC0775.jpg\" alt=\"www.ayaktakimi.org\" width=\"536\" height=\"358\" srcset=\"https:\/\/www.ayaktakimi.org\/v2\/wp-content\/uploads\/DSC0775.jpg 1024w, https:\/\/www.ayaktakimi.org\/v2\/wp-content\/uploads\/DSC0775-300x200.jpg 300w\" sizes=\"(max-width: 536px) 100vw, 536px\" \/><\/a>\u00a0<a href=\"http:\/\/www.ayaktakimi.org\/v2\/wp-content\/uploads\/1800462_10152569364779011_4155189093448292805_n.jpg\"><img decoding=\"async\" loading=\"lazy\" class=\"aligncenter  wp-image-3536\" src=\"http:\/\/www.ayaktakimi.org\/v2\/wp-content\/uploads\/1800462_10152569364779011_4155189093448292805_n.jpg\" alt=\"www.ayaktakimi.org\" width=\"528\" height=\"792\" srcset=\"https:\/\/www.ayaktakimi.org\/v2\/wp-content\/uploads\/1800462_10152569364779011_4155189093448292805_n.jpg 640w, https:\/\/www.ayaktakimi.org\/v2\/wp-content\/uploads\/1800462_10152569364779011_4155189093448292805_n-200x300.jpg 200w\" sizes=\"(max-width: 528px) 100vw, 528px\" \/><\/a><\/p>\n<p>1.141 turla, Odt\u00fc Karting 1,<br \/>\n2.141 turla, Oldskool Racing Team,<br \/>\n3.138 turla, Odt\u00fc Karting 2,<br \/>\n4.138 turla, A\u011f\u0131r Abiler,<br \/>\n5.138 turla, G\u00fcnam,<br \/>\n6.136 turla, Kupakapaana,<br \/>\n7.136 turla, Ankara \u00dcniversitesi,<br \/>\n8.134 turla, H\u00fcnomost,<br \/>\n9.134 turla, Ba\u015fkent \u00dcniversitesi,<br \/>\n10.134 turla, Ufuk Most Pro,<br \/>\n11.133 turla, SRTeam,<br \/>\n12.131 turla, Godi Garaj,<br \/>\n13.131 turla Penguen Filo,<br \/>\n14.128 turla Powerpuff Girls,<br \/>\n15.91 turla Spor M-OTO<\/p>\n<p><a href=\"http:\/\/www.ayaktakimi.org\/v2\/wp-content\/uploads\/1457487_10152569364789011_1601320855725203689_n.jpg\"><img decoding=\"async\" loading=\"lazy\" class=\"aligncenter  wp-image-3544\" src=\"http:\/\/www.ayaktakimi.org\/v2\/wp-content\/uploads\/1457487_10152569364789011_1601320855725203689_n.jpg\" alt=\"www.ayaktakimi.org\" width=\"644\" height=\"429\" srcset=\"https:\/\/www.ayaktakimi.org\/v2\/wp-content\/uploads\/1457487_10152569364789011_1601320855725203689_n.jpg 960w, https:\/\/www.ayaktakimi.org\/v2\/wp-content\/uploads\/1457487_10152569364789011_1601320855725203689_n-300x200.jpg 300w\" sizes=\"(max-width: 644px) 100vw, 644px\" \/><\/a><\/p>\n<p>Cumhuriyet Maratonu organizasyonumuzda bize destek olan;<br \/>\nRadyo sponsorumuz 95.8 MaxFm \u00e7al\u0131\u015fanlar\u0131na, Say\u0131n <strong><span style=\"color: #ff0000;\">Nil\u00fcfer KIZILKAYA<\/span><\/strong> ve her zaman bize destek olan\u00a0&#8220;T\u00fcrkiye&#8217;yi Uyand\u0131ran Adam&#8221; Say\u0131n <span style=\"color: #ff0000;\"><strong>\u00d6zg\u00fcr AKSUNA<\/strong><\/span>&#8216;ya,<br \/>\nHava \u00e7ekimlerimiz ve destekleri i\u00e7in Medya sponsorumuz Teray Film ad\u0131na Say\u0131n <span style=\"color: #ff0000;\"><strong>G\u00f6khan TERAY<\/strong><\/span>&#8216;a,<br \/>\nG\u00fcvenlik arac\u0131m\u0131z ve destekleri i\u00e7in Ankara S\u00fcr\u00fc\u015f Akademisi ad\u0131na Say\u0131n <strong><span style=\"color: #ff0000;\">Sinan \u00c7ET\u0130N<\/span><\/strong>&#8216;e,<br \/>\nOrganizasyonumuzda maddi manevi en b\u00fcy\u00fck deste\u011fi bize ver Say\u0131n <strong><span style=\"color: #ff0000;\">Burak \u00d6REN<\/span><\/strong>&#8216;e,<br \/>\nM\u00fczikleriyle pisti co\u015fturan, Setup M\u00fczik \u00e7al\u0131\u015fanlar\u0131 ve Say\u0131n <span style=\"color: #ff0000;\"><strong>Osman \u00c7ET\u0130NKAYA<\/strong><\/span>&#8216;ya,<br \/>\nTRT T\u00fcrk Spor M-Oto ekibine, Say\u0131n <strong><span style=\"color: #ff0000;\">Oya EREN ARABUL<\/span><\/strong> ve Say\u0131n <strong><span style=\"color: #ff0000;\">Alp PAZARLI<\/span><\/strong>&#8216;ya,<br \/>\nRollHouse E\u011flence Merkezleri ailesi ad\u0131na Say\u0131n <strong><span style=\"color: #ff0000;\">Murat AYDIN<\/span><\/strong> ve Say\u0131n <strong><span style=\"color: #ff0000;\">Sel\u00e7uk AYDIN<\/span><\/strong>&#8216;a,<br \/>\nDavinci Sanat Akademisi ailesi ad\u0131na Say\u0131n <strong><span style=\"color: #ff0000;\">Sedat \u00d6ZEL<\/span><\/strong>, Say\u0131n <strong><span style=\"color: #ff0000;\">Alp EK\u015e\u0130O\u011eLU<\/span><\/strong>, Say\u0131n <strong><span style=\"color: #ff0000;\">Melis YALNIZO\u011eLU<\/span><\/strong>, Say\u0131n<strong><span style=\"color: #ff0000;\"> Eser TEK\u0130N<\/span><\/strong>&#8216;e,<br \/>\nBeyaz TV ekibine ve Say\u0131n <strong><span style=\"color: #ff0000;\">Cem TALAY&#8217;a<\/span><\/strong>,<br \/>\nKara\u00f6z Motorlu Ara\u00e7lar \u00e7al\u0131\u015fanlar\u0131na,<br \/>\nAries Arena <strong><span style=\"color: #ff0000;\">cefak\u00e2r \u00e7al\u0131\u015fanlar\u0131<\/span><\/strong> ve Say\u0131n <strong><span style=\"color: #ff0000;\">\u00dcnal \u00c7EL\u0130K<\/span><\/strong> abimize,<br \/>\nOrganizasyonumuza gelerek bize destek olan Yenimahalle Belediye ba\u015fkan\u0131m\u0131z Say\u0131n <strong><span style=\"color: #ff0000;\">Fethi YA\u015eAR<\/span><\/strong>&#8216;a,<br \/>\nBize her zaman destek olan Ralli Ajans\u0131 ailesi ad\u0131na Say\u0131n <strong><span style=\"color: #ff0000;\">Ayd\u0131n HO\u015eG\u00d6R<\/span><\/strong>&#8216;e,<br \/>\nDestekleri i\u00e7in Teleteknik ailesi ad\u0131na Say\u0131n <strong><span style=\"color: #ff0000;\">Tar\u0131k PEL\u0130T<\/span><\/strong>&#8216;e,<br \/>\nDestekleri i\u00e7in <a href=\"http:\/\/www.commodore.gen.tr\" target=\"_blank\">Commodore.gen.tr<\/a> ailesi ad\u0131na Say\u0131n <strong><span style=\"color: #ff0000;\">G\u00f6khan S\u00d6NMEZ<\/span><\/strong>&#8216;e,<br \/>\nDestekleri i\u00e7in <a href=\"http:\/\/www.agk.web.tr\" target=\"_blank\">Ankara G\u00f6zetmen Kurulu (AGK)<\/a> ailesi ad\u0131na Say\u0131n <strong><span style=\"color: #ff0000;\">\u00d6cal Z\u0130LANLI<\/span><\/strong>&#8216;ya,<br \/>\nBizi yaln\u0131z b\u0131rakmayan <strong><span style=\"color: #ff0000;\">t\u00fcm dostlar\u0131m\u0131z, sevenlerimiz, \u00fcyelerimize,<\/span><\/strong><br \/>\nVe bu organizasyonun ger\u00e7ekle\u015fmesinde eme\u011fi olan t\u00fcm <strong><span style=\"color: #ff0000;\">Ayak Tak\u0131m\u0131 Ekibi<\/span><\/strong>&#8216;ne te\u015fekk\u00fcrlerimizi sunar\u0131z.<\/p>\n<p>Organizasyon bas\u0131nda geni\u015f yer ald\u0131. Detaylar\u0131 ilerleyen zamanda yine bu sayfada payla\u015faca\u011f\u0131z.<br \/>\n\u015eu anda g\u00f6rebildi\u011fimiz;<\/p>\n<p>GAZETE\u00a0HABERLER\u0130<br \/>\n<strong><span style=\"color: #ff0000;\">Milliyet Gazetesi:<\/span><\/strong><\/p>\n<p><a href=\"http:\/\/www.ayaktakimi.org\/v2\/wp-content\/uploads\/milliyet-800x600.png\"><img decoding=\"async\" loading=\"lazy\" class=\"aligncenter  wp-image-3553\" src=\"http:\/\/www.ayaktakimi.org\/v2\/wp-content\/uploads\/milliyet-800x600.png\" alt=\"www.ayaktakimi.org\" width=\"583\" height=\"303\" srcset=\"https:\/\/www.ayaktakimi.org\/v2\/wp-content\/uploads\/milliyet-800x600.png 800w, https:\/\/www.ayaktakimi.org\/v2\/wp-content\/uploads\/milliyet-800x600-300x155.png 300w\" sizes=\"(max-width: 583px) 100vw, 583px\" \/><\/a><\/p>\n<p>&nbsp;<\/p>\n<p><strong><span style=\"color: #ff0000;\">Sabah Gazetesi:<\/span><\/strong><\/p>\n<p><img decoding=\"async\" loading=\"lazy\" class=\"aligncenter  wp-image-3555\" src=\"http:\/\/www.ayaktakimi.org\/v2\/wp-content\/uploads\/sabah2-800x600.png\" alt=\"sabah2 [800x600]\" width=\"581\" height=\"377\" srcset=\"https:\/\/www.ayaktakimi.org\/v2\/wp-content\/uploads\/sabah2-800x600.png 800w, https:\/\/www.ayaktakimi.org\/v2\/wp-content\/uploads\/sabah2-800x600-300x194.png 300w\" sizes=\"(max-width: 581px) 100vw, 581px\" \/><\/p>\n<p><a href=\"http:\/\/www.ayaktakimi.org\/v2\/wp-content\/uploads\/sabah1-800x600.png\"><img decoding=\"async\" loading=\"lazy\" class=\"aligncenter size-full wp-image-3554\" src=\"http:\/\/www.ayaktakimi.org\/v2\/wp-content\/uploads\/sabah1-800x600.png\" alt=\"sabah1 [800x600]\" width=\"438\" height=\"600\" srcset=\"https:\/\/www.ayaktakimi.org\/v2\/wp-content\/uploads\/sabah1-800x600.png 438w, https:\/\/www.ayaktakimi.org\/v2\/wp-content\/uploads\/sabah1-800x600-219x300.png 219w\" sizes=\"(max-width: 438px) 100vw, 438px\" \/><\/a><\/p>\n<p><strong><span style=\"color: #ff0000;\">Ankara 24 Gazetesi:<\/span><\/strong><\/p>\n<p><a href=\"http:\/\/www.ayaktakimi.org\/v2\/wp-content\/uploads\/Ankara24-800x600.png\"><img decoding=\"async\" loading=\"lazy\" class=\"aligncenter  wp-image-3556\" src=\"http:\/\/www.ayaktakimi.org\/v2\/wp-content\/uploads\/Ankara24-800x600.png\" alt=\"www.ayaktakimi.org\" width=\"601\" height=\"292\" srcset=\"https:\/\/www.ayaktakimi.org\/v2\/wp-content\/uploads\/Ankara24-800x600.png 800w, https:\/\/www.ayaktakimi.org\/v2\/wp-content\/uploads\/Ankara24-800x600-300x145.png 300w\" sizes=\"(max-width: 601px) 100vw, 601px\" \/><\/a><\/p>\n<p><span style=\"color: #ff0000;\"><strong>Ba\u015fkent Gazetesi:<\/strong><\/span><\/p>\n<p><a href=\"http:\/\/www.ayaktakimi.org\/v2\/wp-content\/uploads\/Ba\u015fkent-800x600.png\"><img decoding=\"async\" loading=\"lazy\" class=\"aligncenter  wp-image-3557\" src=\"http:\/\/www.ayaktakimi.org\/v2\/wp-content\/uploads\/Ba\u015fkent-800x600.png\" alt=\"www.ayaktakimi.org\" width=\"605\" height=\"319\" srcset=\"https:\/\/www.ayaktakimi.org\/v2\/wp-content\/uploads\/Ba\u015fkent-800x600.png 800w, https:\/\/www.ayaktakimi.org\/v2\/wp-content\/uploads\/Ba\u015fkent-800x600-300x158.png 300w\" sizes=\"(max-width: 605px) 100vw, 605px\" \/><\/a><\/p>\n<p>&nbsp;<\/p>\n<p><strong><span style=\"color: #ff0000;\">Ticari Hayat Gazetesi:<\/span><\/strong><\/p>\n<p><a href=\"http:\/\/www.ayaktakimi.org\/v2\/wp-content\/uploads\/ticari-hayat-800x600.png\"><img decoding=\"async\" loading=\"lazy\" class=\"aligncenter  wp-image-3558\" src=\"http:\/\/www.ayaktakimi.org\/v2\/wp-content\/uploads\/ticari-hayat-800x600.png\" alt=\"www.ayaktakimi.org\" width=\"555\" height=\"369\" srcset=\"https:\/\/www.ayaktakimi.org\/v2\/wp-content\/uploads\/ticari-hayat-800x600.png 800w, https:\/\/www.ayaktakimi.org\/v2\/wp-content\/uploads\/ticari-hayat-800x600-300x199.png 300w\" sizes=\"(max-width: 555px) 100vw, 555px\" \/><\/a><\/p>\n<p>&nbsp;<\/p>\n<p><strong><span style=\"color: #ff0000;\">\u0130l Gazetesi:<\/span><\/strong><\/p>\n<p><a href=\"http:\/\/www.ayaktakimi.org\/v2\/wp-content\/uploads\/ilgazatesi-800x600.png\"><img decoding=\"async\" loading=\"lazy\" class=\"aligncenter  wp-image-3559\" src=\"http:\/\/www.ayaktakimi.org\/v2\/wp-content\/uploads\/ilgazatesi-800x600.png\" alt=\"www.ayaktakimi.org\" width=\"516\" height=\"565\" srcset=\"https:\/\/www.ayaktakimi.org\/v2\/wp-content\/uploads\/ilgazatesi-800x600.png 547w, https:\/\/www.ayaktakimi.org\/v2\/wp-content\/uploads\/ilgazatesi-800x600-273x300.png 273w\" sizes=\"(max-width: 516px) 100vw, 516px\" \/><\/a><\/p>\n<p>WEB HABERLER\u0130:<\/p>\n<blockquote class=\"twitter-tweet\" width=\"550\">\n<p>Her y\u0131l geleneksel olarak d\u00fczenlenen &quot;Cumhuriyet Maratonu&#39;nu&quot; kazanan gen\u00e7lerimizi kutluyorum. <a href=\"http:\/\/t.co\/6FhTolnP9X\">pic.twitter.com\/6FhTolnP9X<\/a><\/p>\n<p>&mdash; Fethi Ya\u015far (@fethiyasar) <a href=\"https:\/\/twitter.com\/fethiyasar\/status\/527465899784425472\">October 29, 2014<\/a><\/p><\/blockquote>\n<p><script async src=\"\/\/platform.twitter.com\/widgets.js\" charset=\"utf-8\"><\/script><br \/>\n<a href=\"http:\/\/www.yenimahalle.bel.tr\/Haber\/madalyalar-fethi-yasar%E2%80%99dan-\/26344\" target=\"_blank\">http:\/\/www.yenimahalle.bel.tr\/Haber\/madalyalar-fethi-yasar%E2%80%99dan-\/26344<\/a><br \/>\n<a href=\"http:\/\/www.sabah.com.tr\/ankara\/2014\/10\/31\/kartingde-95-kisi-ter-doktu\" target=\"_blank\">http:\/\/www.sabah.com.tr\/ankara\/2014\/10\/31\/kartingde-95-kisi-ter-doktu<\/a><br \/>\n<a href=\"http:\/\/www.milliyet.com.tr\/cumhuriyet-maratonu-nda-kiyasiya-rekabet-ankara-yerelhaber-448942\/\" target=\"_blank\">http:\/\/www.milliyet.com.tr\/cumhuriyet-maratonu-nda-kiyasiya-rekabet-ankara-yerelhaber-448942\/<\/a><br \/>\n<a href=\"http:\/\/sozcu.com.tr\/2014\/gunun-icinden\/madalyalar-fethi-yasardan-634693\/\" target=\"_blank\">http:\/\/sozcu.com.tr\/2014\/gunun-icinden\/madalyalar-fethi-yasardan-634693\/<\/a><br \/>\n<a href=\"http:\/\/www.ralliajansi.org\/2014\/10\/200-dakika-durmaksizin-karting\" target=\"_blank\">http:\/\/www.ralliajansi.org\/2014\/10\/200-dakika-durmaksizin-karting<\/a>\/<br \/>\n<a href=\"http:\/\/www.maxfm.com.tr\/news\/detail\/38599\/max-fmin-radyo-sponsorlugunda-cumhuriyet-maratonu-karting-turnuvasi.html.html\" target=\"_blank\">http:\/\/www.maxfm.com.tr\/news\/detail\/38599\/max-fmin-radyo-sponsorlugunda-cumhuriyet-maratonu-karting-turnuvasi.html.html<\/a><br \/>\n<a href=\"http:\/\/www.turkpolitik.com\/cumhuriyet-maratonunda-kiyasiya-rekabet\/cumhuriyet-maratonunda-kiyasiya-rekabet.html\" target=\"_blank\">http:\/\/www.turkpolitik.com\/cumhuriyet-maratonunda-kiyasiya-rekabet\/cumhuriyet-maratonunda-kiyasiya-rekabet.html<\/a><br \/>\n<a href=\"http:\/\/spor.beyazgazete.com\/haber\/2014\/10\/30\/cumhuriyet-maratonu-nda-kiyasiya-rekabet-2417789.html\" target=\"_blank\">http:\/\/spor.beyazgazete.com\/haber\/2014\/10\/30\/cumhuriyet-maratonu-nda-kiyasiya-rekabet-2417789.html<\/a><br \/>\n<a href=\"http:\/\/www.arcaajans.com\/haber\/guncel\/madalyalar-fethi-yasar-dan\/481628\/\" target=\"_blank\">http:\/\/www.arcaajans.com\/haber\/guncel\/madalyalar-fethi-yasar-dan\/481628\/<\/a><br \/>\n<a href=\"http:\/\/www.haber3.com\/cumhuriyet-maratonunda-kiyasiya-rekabet-2985203h.htm\" target=\"_blank\">http:\/\/www.haber3.com\/cumhuriyet-maratonunda-kiyasiya-rekabet-2985203h.htm<\/a><br \/>\n<a href=\"http:\/\/www.haberx.com\/cumhuriyet_maratonunda_kiyasiya_rekabet(17,n,11721894,433).aspx\" target=\"_blank\">http:\/\/www.haberx.com\/cumhuriyet_maratonunda_kiyasiya_rekabet(17,n,11721894,433).aspx<\/a><br \/>\n<a href=\"http:\/\/www.gundemiyakala.com\/2014\/10\/30\/madalyalar-fethi-yasardan\/\" target=\"_blank\">http:\/\/www.gundemiyakala.com\/2014\/10\/30\/madalyalar-fethi-yasardan\/<\/a><br \/>\n<a href=\"http:\/\/www.yurtgundemi.com\/cumhuriyet-maratonu-nda-kiyasiya-rekabet-haberi-10662052.htm\" target=\"_blank\">http:\/\/www.yurtgundemi.com\/cumhuriyet-maratonu-nda-kiyasiya-rekabet-haberi-10662052.htm<\/a><br \/>\n<a href=\"http:\/\/www.hakimiyet.com\/ankara\/cumhuriyet-maratonunda-kiyasiya-rekabet-h667992.html\" target=\"_blank\">http:\/\/www.hakimiyet.com\/ankara\/cumhuriyet-maratonunda-kiyasiya-rekabet-h667992.html<\/a><br \/>\n<a href=\"http:\/\/www.yenilider.com\/ankara\/cumhuriyet-maratonunda-kiyasiya-rekabet-h34787.html\" target=\"_blank\">http:\/\/www.yenilider.com\/ankara\/cumhuriyet-maratonunda-kiyasiya-rekabet-h34787.html<\/a><br \/>\n<a href=\"http:\/\/www.haberfx.net\/cumhuriyet-maratonu-nda-kiyasiya-rekabet-haber-1808501\/\" target=\"_blank\">http:\/\/www.haberfx.net\/cumhuriyet-maratonu-nda-kiyasiya-rekabet-haber-1808501\/<\/a><br \/>\n<a href=\"http:\/\/www.butungazeteler.com\/haber\/madalyalar-fethi-yasare28099dan-676455.html\" target=\"_blank\">http:\/\/www.butungazeteler.com\/haber\/madalyalar-fethi-yasare28099dan-676455.html<\/a><br \/>\n<a href=\"http:\/\/www.dogurehberi.com\/ankara\/cumhuriyet-maratonunda-kiyasiya-rekabet-h582419.html\" target=\"_blank\">http:\/\/www.dogurehberi.com\/ankara\/cumhuriyet-maratonunda-kiyasiya-rekabet-h582419.html<\/a><br \/>\n<a href=\"http:\/\/www.karamansonsoz.com\/cumhuriyet-maratonunda-kiyasiya-rekabet\/7745\/\" target=\"_blank\">http:\/\/www.karamansonsoz.com\/cumhuriyet-maratonunda-kiyasiya-rekabet\/7745\/<\/a><br \/>\n<a href=\"http:\/\/www.yesilercishaber.com\/haber\/31951\/cumhuriyet-maratonunda-kiyasiya-rekabet.html\" target=\"_blank\">http:\/\/www.yesilercishaber.com\/haber\/31951\/cumhuriyet-maratonunda-kiyasiya-rekabet.html<\/a><br \/>\n<a href=\"http:\/\/www.marasgundem.com\/cumhuriyet-maratonunda-kiyasiya-rekabet-998874h.htm\" target=\"_blank\">http:\/\/www.marasgundem.com\/cumhuriyet-maratonunda-kiyasiya-rekabet-998874h.htm<\/a><br \/>\n<a href=\"http:\/\/www.haberkenti.com\/cumhuriyet-maratonunda-kiyasiya-rekabet-243342h.htm\" target=\"_blank\">http:\/\/www.haberkenti.com\/cumhuriyet-maratonunda-kiyasiya-rekabet-243342h.htm<\/a><br \/>\n<a href=\"http:\/\/www.yurtgundemi.com\/madalyalar-fethi-yasar-dan-haberi-10661814.htm\" target=\"_blank\">http:\/\/www.yurtgundemi.com\/madalyalar-fethi-yasar-dan-haberi-10661814.htm<\/a><br \/>\n<a href=\"http:\/\/www.habermonitor.com\/tr\/haber\/detay\/cumhuriyet-maratonu-nda-kiyasiya-rekabet\/498408\/\" target=\"_blank\">http:\/\/www.habermonitor.com\/tr\/haber\/detay\/cumhuriyet-maratonu-nda-kiyasiya-rekabet\/498408\/<\/a><br \/>\n<a href=\"http:\/\/www.haberdenhaber.com\/ankara\/cumhuriyet-maratonunda-kiyasiya-rekabet-h399476.html\" target=\"_blank\">http:\/\/www.haberdenhaber.com\/ankara\/cumhuriyet-maratonunda-kiyasiya-rekabet-h399476.html<\/a><br \/>\n<a href=\"http:\/\/www.ajans34.com\/guncel\/madalyalar-fethi-yasar-dan-h305694.html\" target=\"_blank\">http:\/\/www.ajans34.com\/guncel\/madalyalar-fethi-yasar-dan-h305694.html<\/a><br \/>\n<a href=\"http:\/\/www.kadinhaberleri.com\/ankara\/cumhuriyet-maratonunda-kiyasiya-rekabet-h293725.html\" target=\"_blank\">http:\/\/www.kadinhaberleri.com\/ankara\/cumhuriyet-maratonunda-kiyasiya-rekabet-h293725.html<\/a><br \/>\n<a href=\"http:\/\/www.yenihaberler.com.tr\/ankara\/cumhuriyet-maratonunda-kiyasiya-rekabet-h61624.html\" target=\"_blank\">http:\/\/www.yenihaberler.com.tr\/ankara\/cumhuriyet-maratonunda-kiyasiya-rekabet-h61624.html<\/a><br \/>\n<a href=\"http:\/\/www.dogurehberi.com\/ankara\/cumhuriyet-maratonunda-kiyasiya-rekabet-h582419.html\" target=\"_blank\">http:\/\/www.dogurehberi.com\/ankara\/cumhuriyet-maratonunda-kiyasiya-rekabet-h582419.html<\/a><br \/>\nG\u00fcncellenecek&#8230;<\/p>\n<p>TELEV\u0130ZYON HABERLER\u0130<br \/>\nTRT Spor Spor M-Oto Program\u0131:<br \/>\n<iframe loading=\"lazy\" src=\"\/\/www.dailymotion.com\/embed\/video\/x2fj58b\" width=\"480\" height=\"270\" frameborder=\"0\" allowfullscreen=\"allowfullscreen\"><\/iframe><\/p>\n<p>Beyaz TvB<br \/>\n<iframe loading=\"lazy\" src=\"\/\/www.dailymotion.com\/embed\/video\/x29ald6\" width=\"480\" height=\"270\" frameborder=\"0\" allowfullscreen=\"allowfullscreen\"><\/iframe><\/p>\n<p>HAVA G\u00d6R\u00dcNT\u00dcLER\u0130:<\/p>\n<p><iframe loading=\"lazy\" src=\"\/\/www.dailymotion.com\/embed\/video\/x29j6ff?logo=0\" width=\"560\" height=\"315\" frameborder=\"0\" allowfullscreen=\"allowfullscreen\"><\/iframe><\/p>\n<p>FOTO\u011eRAFLAR:<\/p>\n<p><a href=\"https:\/\/www.facebook.com\/media\/set\/?set=a.10153590595719460.1073741847.193795389459&amp;type=1\" target=\"_blank\">T\u00fcm foto\u011fraflar i\u00e7in t\u0131klay\u0131n\u0131z&#8230;<\/a><\/p>\n<h2><a href=\"http:\/\/www.ayaktakimi.org\/v2\/wp-content\/uploads\/Afi\u015f20142.jpg\"><img decoding=\"async\" loading=\"lazy\" class=\"aligncenter size-full wp-image-3528\" src=\"http:\/\/www.ayaktakimi.org\/v2\/wp-content\/uploads\/Afi\u015f20142.jpg\" alt=\"www.ayaktakimi.org\" width=\"600\" height=\"849\" srcset=\"https:\/\/www.ayaktakimi.org\/v2\/wp-content\/uploads\/Afi\u015f20142.jpg 600w, https:\/\/www.ayaktakimi.org\/v2\/wp-content\/uploads\/Afi\u015f20142-212x300.jpg 212w\" sizes=\"(max-width: 600px) 100vw, 600px\" \/><\/a><\/h2>\n<h2><\/h2>\n","protected":false},"excerpt":{"rendered":"<p>Cumhuriyetimizin 91.y\u0131l\u0131 \u015ferefine yapm\u0131\u015f oldu\u011fumuz &#8220;Cumhuriyet Maratonu&#8221; b\u00fcy\u00fck \u00e7eki\u015fmeye sahne oldu. 95 yar\u0131\u015fmac\u0131, 15 tak\u0131m\u0131n kat\u0131ld\u0131\u011f\u0131 maratonda; 1.Odt\u00fc, 2.Oldskool Racing Team 3.Odt\u00fc oldu&#8230;<\/p>\n","protected":false},"author":1,"featured_media":3525,"comment_status":"open","ping_status":"open","sticky":false,"template":"","format":"standard","meta":{"_s2mail":"yes"},"categories":[17],"tags":[3],"aioseo_notices":[],"_links":{"self":[{"href":"https:\/\/www.ayaktakimi.org\/v2\/wp-json\/wp\/v2\/posts\/3502"}],"collection":[{"href":"https:\/\/www.ayaktakimi.org\/v2\/wp-json\/wp\/v2\/posts"}],"about":[{"href":"https:\/\/www.ayaktakimi.org\/v2\/wp-json\/wp\/v2\/types\/post"}],"author":[{"embeddable":true,"href":"https:\/\/www.ayaktakimi.org\/v2\/wp-json\/wp\/v2\/users\/1"}],"replies":[{"embeddable":true,"href":"https:\/\/www.ayaktakimi.org\/v2\/wp-json\/wp\/v2\/comments?post=3502"}],"version-history":[{"count":31,"href":"https:\/\/www.ayaktakimi.org\/v2\/wp-json\/wp\/v2\/posts\/3502\/revisions"}],"predecessor-version":[{"id":3580,"href":"https:\/\/www.ayaktakimi.org\/v2\/wp-json\/wp\/v2\/posts\/3502\/revisions\/3580"}],"wp:featuredmedia":[{"embeddable":true,"href":"https:\/\/www.ayaktakimi.org\/v2\/wp-json\/wp\/v2\/media\/3525"}],"wp:attachment":[{"href":"https:\/\/www.ayaktakimi.org\/v2\/wp-json\/wp\/v2\/media?parent=3502"}],"wp:term":[{"taxonomy":"category","embeddable":true,"href":"https:\/\/www.ayaktakimi.org\/v2\/wp-json\/wp\/v2\/categories?post=3502"},{"taxonomy":"post_tag","embeddable":true,"href":"https:\/\/www.ayaktakimi.org\/v2\/wp-json\/wp\/v2\/tags?post=3502"}],"curies":[{"name":"wp","href":"https:\/\/api.w.org\/{rel}","templated":true}]}}