{"id":3729,"date":"2015-06-01T20:00:49","date_gmt":"2015-06-01T18:00:49","guid":{"rendered":"http:\/\/www.ayaktakimi.org\/v2\/?p=3729"},"modified":"2016-06-06T20:18:03","modified_gmt":"2016-06-06T18:18:03","slug":"tuvturk2015","status":"publish","type":"post","link":"https:\/\/www.ayaktakimi.org\/v2\/tuvturk2015\/","title":{"rendered":"T\u00dcV T\u00fcrk Bahar \u015eenlikleri Karting Turnuvas\u0131 (31May\u0131s 2015)"},"content":{"rendered":"<p style=\"text-align: justify;\"><a href=\"http:\/\/www.ayaktakimi.org\/v2\/wp-content\/uploads\/DSC_3000-Kopyala.jpg\"><img decoding=\"async\" loading=\"lazy\" class=\"aligncenter wp-image-3730\" src=\"http:\/\/www.ayaktakimi.org\/v2\/wp-content\/uploads\/DSC_3000-Kopyala.jpg\" alt=\"www.ayaktakimi.org\" width=\"600\" height=\"259\" srcset=\"https:\/\/www.ayaktakimi.org\/v2\/wp-content\/uploads\/DSC_3000-Kopyala.jpg 1024w, https:\/\/www.ayaktakimi.org\/v2\/wp-content\/uploads\/DSC_3000-Kopyala-300x129.jpg 300w, https:\/\/www.ayaktakimi.org\/v2\/wp-content\/uploads\/DSC_3000-Kopyala-900x388.jpg 900w\" sizes=\"(max-width: 600px) 100vw, 600px\" \/><\/a>Geleneksel T\u00fcv T\u00fcrk Bahar \u015fenli\u011fi kapsam\u0131nda d\u00fczenlenen karting turnuvas\u0131na, Ankara\u2019da bulunan T\u00dcV T\u00fcrk Ara\u00e7 Muayene \u0130stasyonlar\u0131 \u00e7al\u0131\u015fanlar\u0131 120 erkek + 20 kad\u0131n olmak \u00fczere 140 ki\u015fi kat\u0131ld\u0131. Organizasyon Aries Arena Hipodrom Pisti&#8217;nde ger\u00e7ekle\u015fti. Centinmenli\u011fin ve sportmenli\u011fin \u00f6n planda oldu\u011fu turnuvada b\u00fcy\u00fck \u00e7eki\u015fme ya\u015fand\u0131. T\u00fcvT\u00fcrk&#8217;e ba\u011fl\u0131 Ankara&#8217;da bulunan 7 muyane istasyonu \u00e7al\u0131\u015fanlar\u0131n\u0131n ve ailelerinin kat\u0131ld\u0131\u011f\u0131 bahar \u015fenli\u011fi kahvalt\u0131 ile ba\u015flad\u0131. Havan\u0131n \u0131l\u0131k olmas\u0131 yar\u0131\u015fmac\u0131lar\u0131 ve \u015fenli\u011fe gelen aileleri rahatlatt\u0131.<\/p>\n<p style=\"text-align: justify;\">Kura ile gruplar belirlendi. K\u0131yas\u0131ya m\u00fccadele sonras\u0131nda en iyiler finale kald\u0131. \u00d6\u011fle yeme\u011finde palya\u00e7o, pamuk prenses ve yedi c\u00fcceler \u00e7ocuklar\u0131n ilgisini \u00e7ekti.<\/p>\n<p style=\"text-align: justify;\"><a href=\"http:\/\/www.ayaktakimi.org\/v2\/wp-content\/uploads\/DSC_2990-Kopyala.jpg\"><img decoding=\"async\" loading=\"lazy\" class=\"aligncenter wp-image-3731\" src=\"http:\/\/www.ayaktakimi.org\/v2\/wp-content\/uploads\/DSC_2990-Kopyala.jpg\" alt=\"www.ayaktakimi.org\" width=\"601\" height=\"399\" srcset=\"https:\/\/www.ayaktakimi.org\/v2\/wp-content\/uploads\/DSC_2990-Kopyala.jpg 1024w, https:\/\/www.ayaktakimi.org\/v2\/wp-content\/uploads\/DSC_2990-Kopyala-300x199.jpg 300w, https:\/\/www.ayaktakimi.org\/v2\/wp-content\/uploads\/DSC_2990-Kopyala-900x598.jpg 900w\" sizes=\"(max-width: 601px) 100vw, 601px\" \/><\/a><\/p>\n<p style=\"text-align: justify;\">Ayak Tak\u0131m\u0131 Organizasyon Ekibi\u2019nin pist i\u00e7i organizasyonu \u00fcstlendi\u011fi bu b\u00fcy\u00fck turnuvada g\u00fczel dakikalar ge\u00e7irdik. Ekibimize yeni arkada\u015flar\u0131m\u0131z da kat\u0131ld\u0131. Kazas\u0131z belas\u0131z tamamlanan organizasyonun sonu\u00e7lar\u0131 \u015fu \u015fekilde:<\/p>\n<p style=\"text-align: justify;\">1.\u0130stanbul Yolu \u0130stasyonu \u00e7al\u0131\u015fan\u0131 M\u00fcjdat ARIKAN<br \/>\n2.\u0130stanbul Yolu \u0130stasyonu \u00e7al\u0131\u015fan\u0131 Erkan ASLAN<br \/>\n3.\u0130vedik \u0130stasyonu \u00e7al\u0131\u015fan\u0131 Serkan \u00d6ZBEK\u0130N<\/p>\n<p style=\"text-align: justify;\"><a href=\"http:\/\/www.ayaktakimi.org\/v2\/wp-content\/uploads\/DSC_3155-Kopyala.jpg\"><img decoding=\"async\" loading=\"lazy\" class=\"aligncenter wp-image-3732\" src=\"http:\/\/www.ayaktakimi.org\/v2\/wp-content\/uploads\/DSC_3155-Kopyala.jpg\" alt=\"www.ayaktakimi.org\" width=\"500\" height=\"753\" srcset=\"https:\/\/www.ayaktakimi.org\/v2\/wp-content\/uploads\/DSC_3155-Kopyala.jpg 680w, https:\/\/www.ayaktakimi.org\/v2\/wp-content\/uploads\/DSC_3155-Kopyala-199x300.jpg 199w\" sizes=\"(max-width: 500px) 100vw, 500px\" \/><\/a><\/p>\n<p style=\"text-align: justify;\">T\u00fcm kat\u0131l\u0131mc\u0131lara, pist \u00e7al\u0131\u015fanlar\u0131na, ekibimizde \u00f6zveri ile g\u00f6rev alm\u0131\u015f t\u00fcm arkada\u015flar\u0131m\u0131za ve T\u00dcV T\u00fcrk ailesine te\u015fekk\u00fcr ediyoruz.<\/p>\n<p><span style=\"color: #0000ff;\"><strong><a style=\"color: #0000ff;\" href=\"https:\/\/www.facebook.com\/organizasyonekibi\" target=\"_blank\">Foto\u011fraflar\u0131n tamam\u0131 facebook sayfam\u0131zda \ud83d\ude09<\/a><\/strong><\/span><\/p>\n","protected":false},"excerpt":{"rendered":"<p>Geleneksel T\u00fcv T\u00fcrk Bahar \u015fenli\u011fi kapsam\u0131nda d\u00fczenlenen karting turnuvas\u0131na, Ankara\u2019da bulunan T\u00dcV T\u00fcrk Ara\u00e7 Muayene \u0130stasyonlar\u0131 \u00e7al\u0131\u015fanlar\u0131 120 erkek + 20 kad\u0131n olmak \u00fczere 140 ki\u015fi kat\u0131ld\u0131&#8230;<\/p>\n","protected":false},"author":1,"featured_media":3730,"comment_status":"open","ping_status":"open","sticky":false,"template":"","format":"standard","meta":{"_s2mail":"yes"},"categories":[17],"tags":[41,3,40],"aioseo_notices":[],"_links":{"self":[{"href":"https:\/\/www.ayaktakimi.org\/v2\/wp-json\/wp\/v2\/posts\/3729"}],"collection":[{"href":"https:\/\/www.ayaktakimi.org\/v2\/wp-json\/wp\/v2\/posts"}],"about":[{"href":"https:\/\/www.ayaktakimi.org\/v2\/wp-json\/wp\/v2\/types\/post"}],"author":[{"embeddable":true,"href":"https:\/\/www.ayaktakimi.org\/v2\/wp-json\/wp\/v2\/users\/1"}],"replies":[{"embeddable":true,"href":"https:\/\/www.ayaktakimi.org\/v2\/wp-json\/wp\/v2\/comments?post=3729"}],"version-history":[{"count":3,"href":"https:\/\/www.ayaktakimi.org\/v2\/wp-json\/wp\/v2\/posts\/3729\/revisions"}],"predecessor-version":[{"id":3735,"href":"https:\/\/www.ayaktakimi.org\/v2\/wp-json\/wp\/v2\/posts\/3729\/revisions\/3735"}],"wp:featuredmedia":[{"embeddable":true,"href":"https:\/\/www.ayaktakimi.org\/v2\/wp-json\/wp\/v2\/media\/3730"}],"wp:attachment":[{"href":"https:\/\/www.ayaktakimi.org\/v2\/wp-json\/wp\/v2\/media?parent=3729"}],"wp:term":[{"taxonomy":"category","embeddable":true,"href":"https:\/\/www.ayaktakimi.org\/v2\/wp-json\/wp\/v2\/categories?post=3729"},{"taxonomy":"post_tag","embeddable":true,"href":"https:\/\/www.ayaktakimi.org\/v2\/wp-json\/wp\/v2\/tags?post=3729"}],"curies":[{"name":"wp","href":"https:\/\/api.w.org\/{rel}","templated":true}]}}