{"id":4012,"date":"2018-10-10T16:18:11","date_gmt":"2018-10-10T14:18:11","guid":{"rendered":"http:\/\/www.ayaktakimi.org\/v2\/?p=4012"},"modified":"2018-10-10T16:21:54","modified_gmt":"2018-10-10T14:21:54","slug":"rallyofturkey2018","status":"publish","type":"post","link":"https:\/\/www.ayaktakimi.org\/v2\/rallyofturkey2018\/","title":{"rendered":"8 Y\u0131l Aradan Sonra T\u00fcrk&#8217;e Yak\u0131\u015f\u0131r Bir Geri D\u00f6n\u00fc\u015f: RALLY OF TURKEY 2018"},"content":{"rendered":"<object type=\"application\/x-shockwave-flash\" data=\"http:\/\/www.youtube.com\/v\/2T24TbDIgY4&hd=1\" style=\"width:600px;height:365px\"><param name=\"wmode\" value=\"opaque\"><param name=\"movie\" value=\"http:\/\/www.youtube.com\/v\/2T24TbDIgY4&hd=1\" \/><\/object>\n<p style=\"text-align: justify;\">\u0130lk olarak 2003 y\u0131l\u0131nda T\u00fcrk topraklar\u0131yla tan\u0131\u015fan D\u00fcnya Ralli \u015eampiyonas\u0131 2011\u2019de sonuncusu yap\u0131ld\u0131ktan sonra gelmemi\u015fti. Ta ki 2018 ay\u0131n\u0131n Eyl\u00fcl ay\u0131na kadar. Serkan Yaz\u0131c\u0131 ba\u015fkanl\u0131\u011f\u0131ndaki gen\u00e7 ve dinamik federasyon y\u00f6netiminin \u00fcst\u00fcn \u00e7abalar\u0131yla d\u00fcnya \u00e7ap\u0131ndaki organizasyon \u00fclkemize geri d\u00f6nd\u00fc.<\/p>\n<p style=\"text-align: justify;\">Yar\u0131\u015fa gelecek olursak; ralli resmi olarak Per\u015fembe g\u00fcn\u00fc Marmaris merkezde yap\u0131lan Super Special Full Speed Turkey etab\u0131 ile ba\u015flad\u0131.<\/p>\n<p><img decoding=\"async\" loading=\"lazy\" class=\"aligncenter size-large wp-image-4013\" src=\"http:\/\/www.ayaktakimi.org\/v2\/wp-content\/uploads\/20180915_164750-Kopyala-1024x576.jpg\" alt=\"\" width=\"630\" height=\"354\" srcset=\"https:\/\/www.ayaktakimi.org\/v2\/wp-content\/uploads\/20180915_164750-Kopyala.jpg 1024w, https:\/\/www.ayaktakimi.org\/v2\/wp-content\/uploads\/20180915_164750-Kopyala-300x169.jpg 300w, https:\/\/www.ayaktakimi.org\/v2\/wp-content\/uploads\/20180915_164750-Kopyala-768x432.jpg 768w\" sizes=\"(max-width: 630px) 100vw, 630px\" \/><\/p>\n<p style=\"text-align: justify;\">Cuma g\u00fcn\u00fc ise \u00c7etibeli-1 etab\u0131 ile toprak \u00fczerinde dans ba\u015flad\u0131. Bu etab\u0131 s\u00fcrpriz bir \u015fekilde Citroen\u2019in \u0130rlandal\u0131 pilotu Craig Breen\u2019in birincili\u011fi ile sonu\u00e7land\u0131. G\u00fcn i\u00e7inde Ula-1 ce \u00c7i\u00e7ekli-1 etaplar\u0131 ile Hyundai\u2019ler kendilerine geldiler ve ilk bacakta iki etap birincili\u011fi \u00e7\u0131kard\u0131lar. \u0130lk g\u00fcn ayn\u0131 etaplar ikinci kez ge\u00e7ilirken bu sefer sahneye M-Sport pilotu \u015fampiyon Sebastien Ogier ve Toyota Gazoo Racing pilotu Ott Tanak \u00e7\u0131kt\u0131 ve biz de buraday\u0131z diyerek birer etap birincili\u011fi de onlar ald\u0131. B\u00f6ylece Rally of Turkey m\u00fcthi\u015f bir ralli olaca\u011f\u0131n\u0131 ilk g\u00fcnden belli etti.<\/p>\n<p><img decoding=\"async\" loading=\"lazy\" class=\"aligncenter size-large wp-image-4015\" src=\"http:\/\/www.ayaktakimi.org\/v2\/wp-content\/uploads\/20180914_081802-Kopyala-1024x576.jpg\" alt=\"\" width=\"630\" height=\"354\" srcset=\"https:\/\/www.ayaktakimi.org\/v2\/wp-content\/uploads\/20180914_081802-Kopyala.jpg 1024w, https:\/\/www.ayaktakimi.org\/v2\/wp-content\/uploads\/20180914_081802-Kopyala-300x169.jpg 300w, https:\/\/www.ayaktakimi.org\/v2\/wp-content\/uploads\/20180914_081802-Kopyala-768x432.jpg 768w\" sizes=\"(max-width: 630px) 100vw, 630px\" \/><\/p>\n<p style=\"text-align: justify;\">Cumartesi m\u00fcthi\u015f bilinmezliklere gebe idi. SS 8 Ye\u015filbelde-1 de a\u00e7\u0131l\u0131\u015f\u0131 Ogier yapt\u0131. Hyundai pilotu Thierry Neuville ise s\u00fcspansiyonunu k\u0131rd\u0131\u011f\u0131 i\u00e7in vakit kaybetti. SS-9 Dat\u00e7a-1 de Hyundai\u2019nin Norve\u00e7li pilotu Andreas Mikkelsen etap birincili\u011fini ald\u0131. Bu sefer s\u00fcspansiyonu k\u0131r\u0131lan Ogier\u2019di. B\u00f6ylece iki \u015fampiyona rakibinin de s\u00fcspansiyon hasarlar\u0131 \u00e7ok de\u011ferli puanlar\u0131 ka\u00e7\u0131racaklar\u0131 anlam\u0131na geliyordu. Fakat SS 10 \u0130\u00e7meler-1 de Ogier k\u0131r\u0131k s\u00fcspansiyonuna ra\u011fmen en iyi zaman\u0131 yapt\u0131 ve ayn\u0131 zamanda iyi bir mekaniker oldu\u011funu ispatlad\u0131. Fakat k\u0131r\u0131k s\u00fcspansiyonu tamir etmek zaman kontrol noktas\u0131na 6 dakika ge\u00e7 kalmak demekti ve bu da 60 saniye ceza s\u00fcresi demekti.<\/p>\n<p><img decoding=\"async\" loading=\"lazy\" class=\"aligncenter size-large wp-image-4016\" src=\"http:\/\/www.ayaktakimi.org\/v2\/wp-content\/uploads\/20180915_165134-Kopyala-1024x576.jpg\" alt=\"\" width=\"630\" height=\"354\" srcset=\"https:\/\/www.ayaktakimi.org\/v2\/wp-content\/uploads\/20180915_165134-Kopyala.jpg 1024w, https:\/\/www.ayaktakimi.org\/v2\/wp-content\/uploads\/20180915_165134-Kopyala-300x169.jpg 300w, https:\/\/www.ayaktakimi.org\/v2\/wp-content\/uploads\/20180915_165134-Kopyala-768x432.jpg 768w\" sizes=\"(max-width: 630px) 100vw, 630px\" \/><\/p>\n<p style=\"text-align: justify;\">Pazar g\u00fcnk\u00fc etaplar m\u00fcthi\u015f manzaralar ve M-Sport ve Hyundai tak\u0131mlar\u0131n\u0131n rekabeti e\u015fli\u011finde ge\u00e7ti. Toyota pilotu Ott Tanak SS 11 ve SS 13 de en iyi zamanlar\u0131 yaparak genel klasman liderli\u011fini peki\u015ftirdi ve dramatik T\u00fcrkiye aya\u011f\u0131n\u0131 kazanm\u0131\u015f oldu. \u0130kincili\u011fi Finlandiyal\u0131 tak\u0131m arkada\u015f\u0131 Jari Matti Latvala al\u0131rken k\u00fcrs\u00fcn\u00fcn son basama\u011f\u0131nda Hyundai\u2019nin Yeni Zellandal\u0131 pilotu Hayden Paddon i\u015fgal etti.<\/p>\n<p style=\"text-align: justify;\">Biz Ne Yapt\u0131k?<br \/>\nBiz bu yar\u0131\u015fa bir etap g\u00fcvenlik sorumlusu, \u00fc\u00e7 masa g\u00f6zetmeni ve \u00fc\u00e7 izleyici olarak kat\u0131ld\u0131k. Haber, foto\u011fraf ve videolar ekibimizden Tuna GEREDEL\u0130O\u011eLU&#8217;na\u00a0aittir. T\u00fcm haklar\u0131 sakl\u0131d\u0131r.<\/p>\n","protected":false},"excerpt":{"rendered":"<p>\u0130lk olarak 2003 y\u0131l\u0131nda T\u00fcrk topraklar\u0131yla tan\u0131\u015fan D\u00fcnya Ralli \u015eampiyonas\u0131 2011\u2019de sonuncusu yap\u0131ld\u0131ktan sonra gelmemi\u015fti. Ta ki 2018 ay\u0131n\u0131n Eyl\u00fcl ay\u0131na kadar. Serkan Yaz\u0131c\u0131 ba\u015fkanl\u0131\u011f\u0131ndaki gen\u00e7 ve dinamik federasyon y\u00f6netiminin \u00fcst\u00fcn \u00e7abalar\u0131yla d\u00fcnya \u00e7ap\u0131ndaki organizasyon \u00fclkemize geri d\u00f6nd\u00fc. Yar\u0131\u015fa gelecek olursak; ralli resmi olarak Per\u015fembe g\u00fcn\u00fc Marmaris merkezde yap\u0131lan Super Special Full Speed Turkey etab\u0131 [&hellip;]<\/p>\n","protected":false},"author":1,"featured_media":0,"comment_status":"open","ping_status":"open","sticky":false,"template":"","format":"standard","meta":{"_s2mail":"yes"},"categories":[5],"tags":[],"aioseo_notices":[],"_links":{"self":[{"href":"https:\/\/www.ayaktakimi.org\/v2\/wp-json\/wp\/v2\/posts\/4012"}],"collection":[{"href":"https:\/\/www.ayaktakimi.org\/v2\/wp-json\/wp\/v2\/posts"}],"about":[{"href":"https:\/\/www.ayaktakimi.org\/v2\/wp-json\/wp\/v2\/types\/post"}],"author":[{"embeddable":true,"href":"https:\/\/www.ayaktakimi.org\/v2\/wp-json\/wp\/v2\/users\/1"}],"replies":[{"embeddable":true,"href":"https:\/\/www.ayaktakimi.org\/v2\/wp-json\/wp\/v2\/comments?post=4012"}],"version-history":[{"count":2,"href":"https:\/\/www.ayaktakimi.org\/v2\/wp-json\/wp\/v2\/posts\/4012\/revisions"}],"predecessor-version":[{"id":4018,"href":"https:\/\/www.ayaktakimi.org\/v2\/wp-json\/wp\/v2\/posts\/4012\/revisions\/4018"}],"wp:attachment":[{"href":"https:\/\/www.ayaktakimi.org\/v2\/wp-json\/wp\/v2\/media?parent=4012"}],"wp:term":[{"taxonomy":"category","embeddable":true,"href":"https:\/\/www.ayaktakimi.org\/v2\/wp-json\/wp\/v2\/categories?post=4012"},{"taxonomy":"post_tag","embeddable":true,"href":"https:\/\/www.ayaktakimi.org\/v2\/wp-json\/wp\/v2\/tags?post=4012"}],"curies":[{"name":"wp","href":"https:\/\/api.w.org\/{rel}","templated":true}]}}